{"id":18922,"date":"2026-08-28T13:41:02","date_gmt":"2026-08-28T11:41:02","guid":{"rendered":"https:\/\/campingscat.com\/blog\/campings-disponibilidad-puente-diada-septiembre-2026\/"},"modified":"2026-09-04T09:42:12","modified_gmt":"2026-09-04T07:42:12","slug":"campings-disponibilites-pont-diada-septembre-2026","status":"publish","type":"post","link":"https:\/\/campingscat.com\/blog\/fr\/campings-disponibilites-pont-diada-septembre-2026\/","title":{"rendered":"Campings avec disponibilit\u00e9 pour le Pont de la Diada \u2013 septembre 2026"},"content":{"rendered":"<script>const cc_search_query = \"\";<\/script><p class=\"isSelectedEnd\">Le <strong>Pont de la Diada, le 11 septembre<\/strong>, est une excellente occasion de partir quelques jours et de profiter des derniers jours de l\u2019\u00e9t\u00e9. Si vous n\u2019avez pas encore pr\u00e9vu votre escapade, nous avons s\u00e9lectionn\u00e9 des campings avec des disponibilit\u00e9s pour le <strong>Pont de la Diada 2026<\/strong> dans diff\u00e9rentes r\u00e9gions de <strong>Catalogne<\/strong>, aussi bien sur la c\u00f4te qu\u2019\u00e0 l\u2019int\u00e9rieur des terres et dans les Pyr\u00e9n\u00e9es.<\/p>\n<p>Nous avons regroup\u00e9 les <strong>campings disponibles<\/strong> pour le<strong> 11 septembre<\/strong>, jour de la Diada de Catalogne, par r\u00e9gion afin que vous puissiez facilement trouver l\u2019option qui correspond le mieux \u00e0 votre escapade.<\/p>\n<h2 data-section-id=\"ruxmdm\" data-start=\"523\" data-end=\"560\">\ud83c\udf0a Costa Daurada i Delta de l\u2019Ebre<\/h2>\n<figure id=\"attachment_18709\" aria-describedby=\"caption-attachment-18709\" style=\"width: 799px\" class=\"wp-caption alignnone\"><img fetchpriority=\"high\" decoding=\"async\" class=\"wp-image-18709 \" src=\"https:\/\/campingscat.com\/blog\/wp-content\/uploads\/2026\/08\/Taiga-Delta.png\" alt=\"\" width=\"799\" height=\"387\" srcset=\"https:\/\/campingscat.com\/blog\/wp-content\/uploads\/2026\/08\/Taiga-Delta.png 1142w, https:\/\/campingscat.com\/blog\/wp-content\/uploads\/2026\/08\/Taiga-Delta-300x145.png 300w, https:\/\/campingscat.com\/blog\/wp-content\/uploads\/2026\/08\/Taiga-Delta-1024x496.png 1024w, https:\/\/campingscat.com\/blog\/wp-content\/uploads\/2026\/08\/Taiga-Delta-768x372.png 768w, https:\/\/campingscat.com\/blog\/wp-content\/uploads\/2026\/08\/Taiga-Delta-370x179.png 370w, https:\/\/campingscat.com\/blog\/wp-content\/uploads\/2026\/08\/Taiga-Delta-770x373.png 770w\" sizes=\"(max-width: 799px) 100vw, 799px\" \/><figcaption id=\"caption-attachment-18709\" class=\"wp-caption-text\">Foto: Taiga Delta de l&rsquo;Ebre (l&rsquo;Ampolla)<\/figcaption><\/figure>\n<p>Si vous souhaitez profiter du pont pour vous d\u00e9tendre sur la plage, profiter des piscines et du beau temps, la <strong>Costa Daurada<\/strong> et le <strong>Delta de l\u2019\u00c8bre<\/strong> sont une valeur s\u00fbre gr\u00e2ce \u00e0 leurs temp\u00e9ratures plus douces.<\/p>\n<h3 data-section-id=\"13b53at\" data-start=\"698\" data-end=\"722\">Campings disponibles<\/h3>\n<p><strong data-start=\"326\" data-end=\"353\"><a href=\"https:\/\/campingscat.com\/ca\/costa-daurada\/camping-joan-bungalow-park\/web\" target=\"_blank\" rel=\"noopener\">Camping Joan Bungalow Park (Cambrils)<\/a><\/strong><\/p>\n<div class=\"flex max-w-full flex-col gap-4 grow\">\n<div class=\"min-h-8 text-message relative flex w-full flex-col items-end gap-2 text-start break-words whitespace-normal outline-none keyboard-focused:focus-ring [.text-message+&amp;]:mt-1\" dir=\"auto\" tabindex=\"0\" data-message-author-role=\"assistant\" data-message-id=\"68aaf7db-eefb-4ca1-82e0-5879b938a7c7\" data-message-model-slug=\"gpt-5-6\" data-turn-start-message=\"true\">\n<div class=\"flex w-full flex-col gap-1 empty:hidden\">\n<div class=\"markdown prose dark:prose-invert wrap-break-word w-full light markdown-new-styling\">\n<p class=\"PDq2pG_selectionAnchorContainer\" data-start=\"0\" data-end=\"56\" data-is-last-node=\"\" data-is-only-node=\"\">En bord de mer et id\u00e9al pour une escapade en famille.<\/p>\n<p><strong><a href=\"https:\/\/campingscat.com\/ca\/costa-daurada\/camping-alannia-els-prats\/web\" target=\"_blank\" rel=\"noopener\">Alannia Els Prats (Mont-roig del Camp)<\/a><\/strong><\/p>\n<p>\u00c0 la premi\u00e8re ligne de mer, avec piscines, activit\u00e9s et espaces pour profiter en famille.<\/p>\n<\/div>\n<\/div>\n<\/div>\n<\/div>\n<p><strong data-start=\"416\" data-end=\"443\"><a href=\"https:\/\/campingscat.com\/ca\/costa-daurada\/la-siesta-salou-resort-camping\/web\" target=\"_blank\" rel=\"noopener\">La Siesta Salou Resort &amp; C\u00e0mping (Salou)<\/a>\u00a0<\/strong><\/p>\n<div class=\"flex max-w-full flex-col gap-4 grow\">\n<div class=\"min-h-8 text-message relative flex w-full flex-col items-end gap-2 text-start break-words whitespace-normal outline-none keyboard-focused:focus-ring [.text-message+&amp;]:mt-1\" dir=\"auto\" tabindex=\"0\" data-message-author-role=\"assistant\" data-message-id=\"20e6b460-04b5-420a-9a14-e14d9a187517\" data-message-model-slug=\"gpt-5-6-mini\" data-turn-start-message=\"true\">\n<div class=\"flex w-full flex-col gap-1 empty:hidden\">\n<div class=\"markdown prose dark:prose-invert wrap-break-word w-full light markdown-new-styling\">\n<p class=\"PDq2pG_selectionAnchorContainer\" data-start=\"0\" data-end=\"55\" data-is-last-node=\"\" data-is-only-node=\"\">Piscines, animations et activit\u00e9s pour toute la famille.<\/p>\n<\/div>\n<\/div>\n<\/div>\n<\/div>\n<p><strong data-start=\"757\" data-end=\"804\"><a href=\"https:\/\/campingscat.com\/ca\/costa-daurada\/creixell-camping-family-resort\/web\" target=\"_blank\" rel=\"noopener\">Creixell C\u00e0mping &amp; Family Resort (Creixell)<\/a>\u00a0<\/strong><\/p>\n<p>Bungalows, piscines et parc aquatique.<\/p>\n<p><strong data-start=\"949\" data-end=\"989\"><a href=\"https:\/\/campingscat.com\/ca\/costa-daurada\/ecocamp-vinyols\/web\" target=\"_blank\" rel=\"noopener\">Ecocamp Vinyols (Vinyols i els Arcs)<\/a>\u00a0<\/strong><\/p>\n<div class=\"flex max-w-full flex-col gap-4 grow\">\n<div class=\"min-h-8 text-message relative flex w-full flex-col items-end gap-2 text-start break-words whitespace-normal outline-none keyboard-focused:focus-ring [.text-message+&amp;]:mt-1\" dir=\"auto\" tabindex=\"0\" data-message-author-role=\"assistant\" data-message-id=\"59259c5f-5382-4e80-ba0f-30fe63503879\" data-message-model-slug=\"gpt-5-6-mini\" data-turn-start-message=\"true\">\n<div class=\"flex w-full flex-col gap-1 empty:hidden\">\n<div class=\"markdown prose dark:prose-invert wrap-break-word w-full light markdown-new-styling\">\n<p class=\"PDq2pG_selectionAnchorContainer\" data-start=\"0\" data-end=\"46\" data-is-last-node=\"\" data-is-only-node=\"\">Des h\u00e9bergements originaux dans un cadre naturel.<\/p>\n<\/div>\n<\/div>\n<\/div>\n<\/div>\n<p><strong data-start=\"1266\" data-end=\"1303\"><a href=\"https:\/\/campingscat.com\/ca\/terres-de-lebre\/taiga-delta-de-lebre\/web\" target=\"_blank\" rel=\"noopener\">TAIGA Delta de l\u2019Ebre (L\u2019Ampolla)<\/a><\/strong><\/p>\n<p>Nature, plage et h\u00e9bergements pour toute la famille.<\/p>\n<h2 data-section-id=\"gr3498\" data-start=\"1921\" data-end=\"1939\">\ud83c\udfd6\ufe0f Costa Brava<\/h2>\n<figure id=\"attachment_18544\" aria-describedby=\"caption-attachment-18544\" style=\"width: 798px\" class=\"wp-caption alignnone\"><img decoding=\"async\" class=\"wp-image-18544\" src=\"https:\/\/campingscat.com\/blog\/wp-content\/uploads\/2026\/08\/Costa-Brava-Pririneu-de-Girona.jpg\" alt=\"\" width=\"798\" height=\"336\" srcset=\"https:\/\/campingscat.com\/blog\/wp-content\/uploads\/2026\/08\/Costa-Brava-Pririneu-de-Girona.jpg 800w, https:\/\/campingscat.com\/blog\/wp-content\/uploads\/2026\/08\/Costa-Brava-Pririneu-de-Girona-300x126.jpg 300w, https:\/\/campingscat.com\/blog\/wp-content\/uploads\/2026\/08\/Costa-Brava-Pririneu-de-Girona-768x324.jpg 768w, https:\/\/campingscat.com\/blog\/wp-content\/uploads\/2026\/08\/Costa-Brava-Pririneu-de-Girona-370x156.jpg 370w, https:\/\/campingscat.com\/blog\/wp-content\/uploads\/2026\/08\/Costa-Brava-Pririneu-de-Girona-770x324.jpg 770w\" sizes=\"(max-width: 798px) 100vw, 798px\" \/><figcaption id=\"caption-attachment-18544\" class=\"wp-caption-text\">Foto: Costa Brava Pirineu de Girona<\/figcaption><\/figure>\n<p class=\"PDq2pG_selectionAnchorContainer\" data-start=\"20\" data-end=\"198\">La Costa Brava est id\u00e9ale pour profiter du mois de septembre et combiner plages, criques, nature et villages de charme. Ces <strong>campings<\/strong> disposent encore de disponibilit\u00e9s pour le <strong>Pont de la Diada :<\/strong><\/p>\n<p><strong data-start=\"286\" data-end=\"318\"><a href=\"https:\/\/campingscat.com\/ca\/costa-brava\/camping-emporda\/web\" target=\"_blank\" rel=\"noopener\">Camping Empord\u00e0 (L\u2019Estartit)<\/a><\/strong><\/p>\n<div class=\"flex max-w-full flex-col gap-4 grow\">\n<div class=\"min-h-8 text-message relative flex w-full flex-col items-end gap-2 text-start break-words whitespace-normal outline-none keyboard-focused:focus-ring [.text-message+&amp;]:mt-1\" dir=\"auto\" tabindex=\"0\" data-message-author-role=\"assistant\" data-message-id=\"844c4116-63ca-4b1f-9b15-3c3fd6abd277\" data-message-model-slug=\"gpt-5-6-mini\" data-turn-start-message=\"true\">\n<div class=\"flex w-full flex-col gap-1 empty:hidden\">\n<div class=\"markdown prose dark:prose-invert wrap-break-word w-full light markdown-new-styling\">\n<p class=\"PDq2pG_selectionAnchorContainer\" data-start=\"0\" data-end=\"42\" data-is-last-node=\"\" data-is-only-node=\"\">Close to the beach and surrounded by nature.<\/p>\n<p><strong><a href=\"https:\/\/campingscat.com\/ca\/costa-daurada\/camping-alannia-els-prats\/web\" target=\"_blank\" rel=\"noopener\">Alannia Els Pinar (Blanes)<\/a><\/strong><\/p>\n<p class=\"isSelectedEnd\">\u00c0 deux pas de la plage, avec piscine, animations et activit\u00e9s pour toute la famille.<\/p>\n<p><strong><a href=\"https:\/\/campingscat.com\/ca\/costa-daurada\/camping-alannia-els-prats\/web\" target=\"_blank\" rel=\"noopener\">Alannia Neptuno (Pals)<\/a><\/strong><\/p>\n<p>Pr\u00e8s de la plage, avec piscine, activit\u00e9s et un cadre id\u00e9al pour profiter en famille.<\/p>\n<\/div>\n<\/div>\n<\/div>\n<\/div>\n<p><strong data-start=\"365\" data-end=\"390\"><a href=\"https:\/\/campingscat.com\/ca\/costa-brava\/camping-rodas\/web\" target=\"_blank\" rel=\"noopener\">Camping Rodas (Roses)<\/a><\/strong><\/p>\n<p>Just 500 metres from the beach, with a swimming pool and a range of accommodation options.<\/p>\n<p><strong data-start=\"1126\" data-end=\"1151\"><a href=\"https:\/\/campingscat.com\/ca\/costa-brava\/camping-begur\/web\" target=\"_blank\" rel=\"noopener\">Camping Begur (Begur)<\/a><\/strong><\/p>\n<div class=\"flex max-w-full flex-col gap-4 grow\">\n<div class=\"min-h-8 text-message relative flex w-full flex-col items-end gap-2 text-start break-words whitespace-normal outline-none keyboard-focused:focus-ring [.text-message+&amp;]:mt-1\" dir=\"auto\" tabindex=\"0\" data-message-author-role=\"assistant\" data-message-id=\"7a868e1b-f143-4ad0-b829-86612f6159db\" data-message-model-slug=\"gpt-5-6-mini\" data-turn-start-message=\"true\">\n<div class=\"flex w-full flex-col gap-1 empty:hidden\">\n<div class=\"markdown prose dark:prose-invert wrap-break-word w-full light markdown-new-styling\">\n<p class=\"PDq2pG_selectionAnchorContainer\" data-start=\"0\" data-end=\"42\" data-is-last-node=\"\" data-is-only-node=\"\">Nature, swimming pools and a saltwater spa.<\/p>\n<\/div>\n<\/div>\n<\/div>\n<\/div>\n<p><strong data-start=\"1195\" data-end=\"1223\"><a href=\"https:\/\/campingscat.com\/ca\/costa-brava\/cala-pola\/web\" target=\"_blank\" rel=\"noopener\">Cala Pola (Tossa de Mar)<\/a><\/strong><\/p>\n<p>A privileged natural setting by the sea.<\/p>\n<p><strong data-start=\"1275\" data-end=\"1315\"><a href=\"https:\/\/campingscat.com\/ca\/costa-brava\/yelloh-village-sant-miquel\/web\" target=\"_blank\" rel=\"noopener\">Yelloh! Village Sant Miquel (Colera)<\/a><\/strong><\/p>\n<p>A location between the sea and the mountains.<\/p>\n<h2 data-section-id=\"1f2d1od\" data-start=\"2583\" data-end=\"2608\">\ud83c\udf32 Pirineus i interior<\/h2>\n<figure id=\"attachment_18717\" aria-describedby=\"caption-attachment-18717\" style=\"width: 797px\" class=\"wp-caption alignnone\"><img decoding=\"async\" class=\"wp-image-18717\" src=\"https:\/\/campingscat.com\/blog\/wp-content\/uploads\/2026\/08\/huttopia-Barcelona-Pirineos-1.jpg\" alt=\"\" width=\"797\" height=\"322\" srcset=\"https:\/\/campingscat.com\/blog\/wp-content\/uploads\/2026\/08\/huttopia-Barcelona-Pirineos-1.jpg 1200w, https:\/\/campingscat.com\/blog\/wp-content\/uploads\/2026\/08\/huttopia-Barcelona-Pirineos-1-300x121.jpg 300w, https:\/\/campingscat.com\/blog\/wp-content\/uploads\/2026\/08\/huttopia-Barcelona-Pirineos-1-1024x414.jpg 1024w, https:\/\/campingscat.com\/blog\/wp-content\/uploads\/2026\/08\/huttopia-Barcelona-Pirineos-1-768x310.jpg 768w, https:\/\/campingscat.com\/blog\/wp-content\/uploads\/2026\/08\/huttopia-Barcelona-Pirineos-1-370x150.jpg 370w, https:\/\/campingscat.com\/blog\/wp-content\/uploads\/2026\/08\/huttopia-Barcelona-Pirineos-1-770x311.jpg 770w\" sizes=\"(max-width: 797px) 100vw, 797px\" \/><figcaption id=\"caption-attachment-18717\" class=\"wp-caption-text\">Huttopia Barcelona Pirineos (Guardiola de Bergued\u00e0)<\/figcaption><\/figure>\n<p class=\"PDq2pG_selectionAnchorContainer\" data-start=\"27\" data-end=\"170\">Si vous pr\u00e9f\u00e9rez troquer la plage contre la nature, la montagne et la tranquillit\u00e9, vous trouverez \u00e9galement des campings avec des disponibilit\u00e9s pour le Pont de la Diada :<\/p>\n<p><strong data-start=\"174\" data-end=\"229\"><a href=\"https:\/\/campingscat.com\/ca\/pirineus\/huttopia-barcelona-pirineos\/web\" target=\"_blank\" rel=\"noopener\">Huttopia Barcelona Pirineos (Guardiola de Bergued\u00e0)<\/a><\/strong><\/p>\n<p>Pitches, tentes et chalets en pleine nature.<\/p>\n<p><strong data-start=\"279\" data-end=\"303\"><a href=\"https:\/\/campingscat.com\/ca\/pirineus\/berga-resort\/web\" target=\"_blank\" rel=\"noopener\">Berga Resort (Berga)<\/a><\/strong><\/p>\n<p>Piscines, installations sportives et activit\u00e9s pour toute la famille.<\/p>\n<p><strong data-start=\"380\" data-end=\"420\"><a href=\"https:\/\/campingscat.com\/ca\/pirineus\/camping-pirineus\/web\" target=\"_blank\" rel=\"noopener\">Camping Pirineus (Guils de Cerdanya)<\/a><\/strong><\/p>\n<p>Nature et vues magnifiques sur la Cerdanya.<\/p>\n<p><strong><a href=\"https:\/\/campingscat.com\/ca\/pirineus\/camping-el-solsones\/web\" target=\"_blank\" rel=\"noopener\">Camping el Solson\u00e8s (Solsona)<\/a><\/strong><\/p>\n<p>Nature, tranquillit\u00e9 et activit\u00e9s en plein air pour profiter en famille.<\/p>\n<p><strong data-start=\"657\" data-end=\"679\"><a href=\"https:\/\/campingscat.com\/ca\/paisatges-barcelona\/camping-cal-paradis\/web\" target=\"_blank\" rel=\"noopener\">Camping Cal Parad\u00eds (Salo)<\/a><\/strong><\/p>\n<p>Tranquillit\u00e9, nature, piscine et h\u00e9bergements familiaux.<\/p>\n<p><strong data-start=\"827\" data-end=\"848\"><a href=\"https:\/\/campingscat.com\/ca\/terres-de-lebre\/els-ports\/web\" target=\"_blank\" rel=\"noopener\">Els Ports (Arnes)<\/a><\/strong><\/p>\n<p>\u00c0 proximit\u00e9 du Parc naturel dels Ports, avec piscine et h\u00e9bergements.<\/p>\n<h2 data-section-id=\"1e7e7j5\" data-start=\"3072\" data-end=\"3097\">\ud83c\udf0a Maresme i Barcelona<\/h2>\n<figure id=\"attachment_18721\" aria-describedby=\"caption-attachment-18721\" style=\"width: 798px\" class=\"wp-caption alignnone\"><img loading=\"lazy\" decoding=\"async\" class=\"wp-image-18721\" src=\"https:\/\/campingscat.com\/blog\/wp-content\/uploads\/2026\/08\/Toro-azul.jpeg\" alt=\"\" width=\"798\" height=\"305\" srcset=\"https:\/\/campingscat.com\/blog\/wp-content\/uploads\/2026\/08\/Toro-azul.jpeg 2000w, https:\/\/campingscat.com\/blog\/wp-content\/uploads\/2026\/08\/Toro-azul-300x115.jpeg 300w, https:\/\/campingscat.com\/blog\/wp-content\/uploads\/2026\/08\/Toro-azul-1024x391.jpeg 1024w, https:\/\/campingscat.com\/blog\/wp-content\/uploads\/2026\/08\/Toro-azul-768x293.jpeg 768w, https:\/\/campingscat.com\/blog\/wp-content\/uploads\/2026\/08\/Toro-azul-1536x587.jpeg 1536w, https:\/\/campingscat.com\/blog\/wp-content\/uploads\/2026\/08\/Toro-azul-370x141.jpeg 370w, https:\/\/campingscat.com\/blog\/wp-content\/uploads\/2026\/08\/Toro-azul-770x294.jpeg 770w\" sizes=\"(max-width: 798px) 100vw, 798px\" \/><figcaption id=\"caption-attachment-18721\" class=\"wp-caption-text\">Foto: C\u00e0mping El Toro Azul (Arenys de Mar)<\/figcaption><\/figure>\n<p class=\"PDq2pG_selectionAnchorContainer\" data-start=\"36\" data-end=\"182\">Si vous recherchez une escapade en septembre pr\u00e8s de Barcelone sans renoncer \u00e0 la mer, ces campings sont une excellente option :<\/p>\n<p><strong data-start=\"186\" data-end=\"218\"><a href=\"https:\/\/campingscat.com\/ca\/costa-barcelona\/el-toro-azul\/web\" target=\"_blank\" rel=\"noopener\">El Toro Azul (Arenys de Mar)<\/a><\/strong><\/p>\n<p>Pr\u00e8s de la plage et avec piscine.<\/p>\n<p><strong data-start=\"259\" data-end=\"288\"><a href=\"https:\/\/campingscat.com\/ca\/costa-barcelona\/camping-resort-els-pins\/web\" target=\"_blank\" rel=\"noopener\">Camping Resort Els Pins (Malgrat de Mar)<\/a><\/strong><\/p>\n<p>En bord de mer, avec piscines et h\u00e9bergements familiaux.<\/p>\n<p><strong data-start=\"353\" data-end=\"378\"><a href=\"https:\/\/campingscat.com\/ca\/costa-barcelona\/camping-roca-grossa\/web\" target=\"_blank\" rel=\"noopener\">Camping Roca Grossa (Calella)<\/a><\/strong><\/p>\n<p>Face \u00e0 la mer et entour\u00e9 de nature.<\/p>\n<p><strong data-start=\"420\" data-end=\"443\"><a href=\"https:\/\/campingscat.com\/ca\/costa-barcelona\/camping-la-rueda\/web\" target=\"_blank\" rel=\"noopener\">Camping La Rueda (Cubelles)<\/a><\/strong><\/p>\n<p>\u00c0 seulement 100 m\u00e8tres de la plage, avec piscine et h\u00e9bergements.<\/p>\n<p><strong data-start=\"509\" data-end=\"549\"><a href=\"https:\/\/campingscat.com\/ca\/costa-barcelona\/vilanova-park\/web\" target=\"_blank\" rel=\"noopener\">Vilanova Park (Vilanova i la Geltr\u00fa)<\/a><\/strong><\/p>\n<p>Nature, piscines, activit\u00e9s et diff\u00e9rents types d\u2019h\u00e9bergement.<\/p>\n<h2>\ud83d\udcc5 Il est encore temps de r\u00e9server.<\/h2>\n<p class=\"isSelectedEnd\">Si vous n\u2019avez pas encore d\u00e9cid\u00e9 o\u00f9 passer le <strong>Pont de la Diada<\/strong>, septembre est le moment id\u00e9al pour partir en camping. D\u00e9couvrez quelques campings avec des disponibilit\u00e9s pour la Diada et choisissez entre plage, nature ou montagne.<\/p>\n<p>Les disponibilit\u00e9s peuvent changer rapidement, notamment pour les options de <strong>derni\u00e8re minute.<\/strong> Nous vous recommandons donc de v\u00e9rifier les disponibilit\u00e9s avant de planifier votre escapade.<\/p>\n<div class=\"flex max-w-full flex-col gap-4 grow\">\n<div class=\"min-h-8 text-message relative flex w-full flex-col items-end gap-2 text-start break-words whitespace-normal outline-none keyboard-focused:focus-ring [.text-message+&amp;]:mt-1\" dir=\"auto\" tabindex=\"0\" data-message-author-role=\"assistant\" data-message-id=\"27305ea1-d0db-4d0a-93f5-6f6a2e9ca459\" data-message-model-slug=\"gpt-5-6-mini\" data-turn-start-message=\"true\">\n<div class=\"flex w-full flex-col gap-1 empty:hidden\">\n<div class=\"markdown prose dark:prose-invert wrap-break-word w-full light markdown-new-styling\">\n<p class=\"PDq2pG_selectionAnchorContainer\" data-start=\"0\" data-end=\"27\" data-is-last-node=\"\" data-is-only-node=\"\"><strong>Vous pourriez \u00e9galement \u00eatre int\u00e9ress\u00e9 par<\/strong> <img decoding=\"async\" class=\"emoji\" style=\"font-family: inherit; font-style: inherit; font-weight: inherit; background-color: #ffffff;\" role=\"img\" draggable=\"false\" src=\"https:\/\/s.w.org\/images\/core\/emoji\/17.0.2\/svg\/1f449.svg\" alt=\"\ud83d\udc49\" \/> <a style=\"font-size: 15px; background-color: #ffffff;\" href=\"https:\/\/campingscat.com\/blog\/ca\/tag\/blog\/?cat_ID=91&#038;tag=blog&#038;cat_ID=91&#038;cat_ID=91&#038;p=18497\" target=\"_blank\" rel=\"noopener\">9 campings de Catalogne pr\u00e8s de rivi\u00e8res, lacs et piscines naturelles<\/a><\/p>\n<\/div>\n<\/div>\n<\/div>\n<\/div>\n<p data-start=\"8607\" data-end=\"8772\" data-is-last-node=\"\" data-is-only-node=\"\"><a href=\"https:\/\/campingscat.com\/es\/newsletter-campings\/\" target=\"_blank\" rel=\"noopener\"><img loading=\"lazy\" decoding=\"async\" class=\"aligncenter wp-image-13467 size-full\" src=\"https:\/\/campingscat.com\/blog\/wp-content\/uploads\/2025\/04\/banners-web-campings-ESP.jpg\" alt=\"\" width=\"728\" height=\"90\" srcset=\"https:\/\/campingscat.com\/blog\/wp-content\/uploads\/2025\/04\/banners-web-campings-ESP.jpg 728w, https:\/\/campingscat.com\/blog\/wp-content\/uploads\/2025\/04\/banners-web-campings-ESP-300x37.jpg 300w, https:\/\/campingscat.com\/blog\/wp-content\/uploads\/2025\/04\/banners-web-campings-ESP-640x79.jpg 640w, https:\/\/campingscat.com\/blog\/wp-content\/uploads\/2025\/04\/banners-web-campings-ESP-681x84.jpg 681w\" sizes=\"(max-width: 767px) 100vw, 728px\" \/><\/a><\/p>\n","protected":false},"excerpt":{"rendered":"<p>Le Pont de la Diada, le 11 septembre, est une excellente occasion de partir quelques&hellip;<\/p>\n","protected":false},"author":17,"featured_media":18564,"comment_status":"closed","ping_status":"closed","sticky":false,"template":"","format":"standard","meta":{"footnotes":""},"categories":[303,299],"tags":[],"class_list":["post-18922","post","type-post","status-publish","format-standard","has-post-thumbnail","hentry","category-inspiration","category-offres"],"yoast_head":"<!-- This site is optimized with the Yoast SEO plugin v27.7 - https:\/\/yoast.com\/product\/yoast-seo-wordpress\/ -->\n<title>Campings Pont de la Diada septembre 2026 : disponibilit\u00e9s<\/title>\n<meta name=\"description\" content=\"D\u00e9couvrez les campings disponibles pour le Pont de la Diada 2026 en Catalogne : Costa Brava, Costa Daurada, Pyr\u00e9n\u00e9es et plus encore.\" \/>\n<meta name=\"robots\" content=\"index, follow, max-snippet:-1, max-image-preview:large, max-video-preview:-1\" \/>\n<link rel=\"canonical\" href=\"https:\/\/campingscat.com\/blog\/fr\/campings-disponibilites-pont-diada-septembre-2026\/\" \/>\n<meta property=\"og:locale\" content=\"fr_FR\" \/>\n<meta property=\"og:type\" content=\"article\" \/>\n<meta property=\"og:title\" content=\"Campings Pont de la Diada septembre 2026 : disponibilit\u00e9s\" \/>\n<meta property=\"og:description\" content=\"D\u00e9couvrez les campings disponibles pour le Pont de la Diada 2026 en Catalogne : Costa Brava, Costa Daurada, Pyr\u00e9n\u00e9es et plus encore.\" \/>\n<meta property=\"og:url\" content=\"https:\/\/campingscat.com\/blog\/fr\/campings-disponibilites-pont-diada-septembre-2026\/\" \/>\n<meta property=\"og:site_name\" content=\"Blog Campingscat\" \/>\n<meta property=\"article:publisher\" content=\"https:\/\/www.facebook.com\/campingscat.campingsdecatalunya\/\" \/>\n<meta property=\"article:published_time\" content=\"2026-08-28T11:41:02+00:00\" \/>\n<meta property=\"article:modified_time\" content=\"2026-09-04T07:42:12+00:00\" \/>\n<meta property=\"og:image\" content=\"https:\/\/campingscat.com\/blog\/wp-content\/uploads\/2026\/08\/949fe949-a025-42d7-b3d2-780e19d32ab2-1024x576.png\" \/>\n\t<meta property=\"og:image:width\" content=\"1024\" \/>\n\t<meta property=\"og:image:height\" content=\"576\" \/>\n\t<meta property=\"og:image:type\" content=\"image\/png\" \/>\n<meta name=\"author\" content=\"Sarai\" \/>\n<meta name=\"twitter:card\" content=\"summary_large_image\" \/>\n<meta name=\"twitter:creator\" content=\"@campingscat\" \/>\n<meta name=\"twitter:site\" content=\"@campingscat\" \/>\n<meta name=\"twitter:label1\" content=\"\u00c9crit par\" \/>\n\t<meta name=\"twitter:data1\" content=\"Sarai\" \/>\n\t<meta name=\"twitter:label2\" content=\"Dur\u00e9e de lecture estim\u00e9e\" \/>\n\t<meta name=\"twitter:data2\" content=\"5 minutes\" \/>\n<script type=\"application\/ld+json\" class=\"yoast-schema-graph\">{\"@context\":\"https:\\\/\\\/schema.org\",\"@graph\":[{\"@type\":\"Article\",\"@id\":\"https:\\\/\\\/campingscat.com\\\/blog\\\/fr\\\/campings-disponibilites-pont-diada-septembre-2026\\\/#article\",\"isPartOf\":{\"@id\":\"https:\\\/\\\/campingscat.com\\\/blog\\\/fr\\\/campings-disponibilites-pont-diada-septembre-2026\\\/\"},\"author\":{\"name\":\"Sarai\",\"@id\":\"https:\\\/\\\/campingscat.com\\\/blog\\\/fr\\\/#\\\/schema\\\/person\\\/01bdbfbd9a8007801e82747f1183584a\"},\"headline\":\"Campings avec disponibilit\u00e9 pour le Pont de la Diada \u2013 septembre 2026\",\"datePublished\":\"2026-08-28T11:41:02+00:00\",\"dateModified\":\"2026-09-04T07:42:12+00:00\",\"mainEntityOfPage\":{\"@id\":\"https:\\\/\\\/campingscat.com\\\/blog\\\/fr\\\/campings-disponibilites-pont-diada-septembre-2026\\\/\"},\"wordCount\":774,\"publisher\":{\"@id\":\"https:\\\/\\\/campingscat.com\\\/blog\\\/fr\\\/#organization\"},\"image\":{\"@id\":\"https:\\\/\\\/campingscat.com\\\/blog\\\/fr\\\/campings-disponibilites-pont-diada-septembre-2026\\\/#primaryimage\"},\"thumbnailUrl\":\"https:\\\/\\\/campingscat.com\\\/blog\\\/wp-content\\\/uploads\\\/2026\\\/08\\\/949fe949-a025-42d7-b3d2-780e19d32ab2.png\",\"articleSection\":[\"Inspiration\",\"Offres\"],\"inLanguage\":\"fr-FR\"},{\"@type\":\"WebPage\",\"@id\":\"https:\\\/\\\/campingscat.com\\\/blog\\\/fr\\\/campings-disponibilites-pont-diada-septembre-2026\\\/\",\"url\":\"https:\\\/\\\/campingscat.com\\\/blog\\\/fr\\\/campings-disponibilites-pont-diada-septembre-2026\\\/\",\"name\":\"Campings Pont de la Diada septembre 2026 : disponibilit\u00e9s\",\"isPartOf\":{\"@id\":\"https:\\\/\\\/campingscat.com\\\/blog\\\/fr\\\/#website\"},\"primaryImageOfPage\":{\"@id\":\"https:\\\/\\\/campingscat.com\\\/blog\\\/fr\\\/campings-disponibilites-pont-diada-septembre-2026\\\/#primaryimage\"},\"image\":{\"@id\":\"https:\\\/\\\/campingscat.com\\\/blog\\\/fr\\\/campings-disponibilites-pont-diada-septembre-2026\\\/#primaryimage\"},\"thumbnailUrl\":\"https:\\\/\\\/campingscat.com\\\/blog\\\/wp-content\\\/uploads\\\/2026\\\/08\\\/949fe949-a025-42d7-b3d2-780e19d32ab2.png\",\"datePublished\":\"2026-08-28T11:41:02+00:00\",\"dateModified\":\"2026-09-04T07:42:12+00:00\",\"description\":\"D\u00e9couvrez les campings disponibles pour le Pont de la Diada 2026 en Catalogne : Costa Brava, Costa Daurada, Pyr\u00e9n\u00e9es et plus encore.\",\"breadcrumb\":{\"@id\":\"https:\\\/\\\/campingscat.com\\\/blog\\\/fr\\\/campings-disponibilites-pont-diada-septembre-2026\\\/#breadcrumb\"},\"inLanguage\":\"fr-FR\",\"potentialAction\":[{\"@type\":\"ReadAction\",\"target\":[\"https:\\\/\\\/campingscat.com\\\/blog\\\/fr\\\/campings-disponibilites-pont-diada-septembre-2026\\\/\"]}]},{\"@type\":\"ImageObject\",\"inLanguage\":\"fr-FR\",\"@id\":\"https:\\\/\\\/campingscat.com\\\/blog\\\/fr\\\/campings-disponibilites-pont-diada-septembre-2026\\\/#primaryimage\",\"url\":\"https:\\\/\\\/campingscat.com\\\/blog\\\/wp-content\\\/uploads\\\/2026\\\/08\\\/949fe949-a025-42d7-b3d2-780e19d32ab2.png\",\"contentUrl\":\"https:\\\/\\\/campingscat.com\\\/blog\\\/wp-content\\\/uploads\\\/2026\\\/08\\\/949fe949-a025-42d7-b3d2-780e19d32ab2.png\",\"width\":1672,\"height\":941},{\"@type\":\"BreadcrumbList\",\"@id\":\"https:\\\/\\\/campingscat.com\\\/blog\\\/fr\\\/campings-disponibilites-pont-diada-septembre-2026\\\/#breadcrumb\",\"itemListElement\":[{\"@type\":\"ListItem\",\"position\":1,\"name\":\"Inici\",\"item\":\"https:\\\/\\\/campingscat.com\\\/blog\\\/fr\\\/\"},{\"@type\":\"ListItem\",\"position\":2,\"name\":\"Campings avec disponibilit\u00e9 pour le Pont de la Diada \u2013 septembre 2026\"}]},{\"@type\":\"WebSite\",\"@id\":\"https:\\\/\\\/campingscat.com\\\/blog\\\/fr\\\/#website\",\"url\":\"https:\\\/\\\/campingscat.com\\\/blog\\\/fr\\\/\",\"name\":\"Blog Campingscat\",\"description\":\"Campings de Catalunya\",\"publisher\":{\"@id\":\"https:\\\/\\\/campingscat.com\\\/blog\\\/fr\\\/#organization\"},\"potentialAction\":[{\"@type\":\"SearchAction\",\"target\":{\"@type\":\"EntryPoint\",\"urlTemplate\":\"https:\\\/\\\/campingscat.com\\\/blog\\\/fr\\\/?s={search_term_string}\"},\"query-input\":{\"@type\":\"PropertyValueSpecification\",\"valueRequired\":true,\"valueName\":\"search_term_string\"}}],\"inLanguage\":\"fr-FR\"},{\"@type\":\"Organization\",\"@id\":\"https:\\\/\\\/campingscat.com\\\/blog\\\/fr\\\/#organization\",\"name\":\"Blog Campings CAT\",\"url\":\"https:\\\/\\\/campingscat.com\\\/blog\\\/fr\\\/\",\"logo\":{\"@type\":\"ImageObject\",\"inLanguage\":\"fr-FR\",\"@id\":\"https:\\\/\\\/campingscat.com\\\/blog\\\/fr\\\/#\\\/schema\\\/logo\\\/image\\\/\",\"url\":\"https:\\\/\\\/campingscat.com\\\/blog\\\/wp-content\\\/uploads\\\/2020\\\/09\\\/logo-blog.png\",\"contentUrl\":\"https:\\\/\\\/campingscat.com\\\/blog\\\/wp-content\\\/uploads\\\/2020\\\/09\\\/logo-blog.png\",\"width\":272,\"height\":90,\"caption\":\"Blog Campings CAT\"},\"image\":{\"@id\":\"https:\\\/\\\/campingscat.com\\\/blog\\\/fr\\\/#\\\/schema\\\/logo\\\/image\\\/\"},\"sameAs\":[\"https:\\\/\\\/www.facebook.com\\\/campingscat.campingsdecatalunya\\\/\",\"https:\\\/\\\/x.com\\\/campingscat\",\"https:\\\/\\\/www.instagram.com\\\/campingscat\\\/\"]},{\"@type\":\"Person\",\"@id\":\"https:\\\/\\\/campingscat.com\\\/blog\\\/fr\\\/#\\\/schema\\\/person\\\/01bdbfbd9a8007801e82747f1183584a\",\"name\":\"Sarai\"}]}<\/script>\n<!-- \/ Yoast SEO plugin. -->","yoast_head_json":{"title":"Campings Pont de la Diada septembre 2026 : disponibilit\u00e9s","description":"D\u00e9couvrez les campings disponibles pour le Pont de la Diada 2026 en Catalogne : Costa Brava, Costa Daurada, Pyr\u00e9n\u00e9es et plus encore.","robots":{"index":"index","follow":"follow","max-snippet":"max-snippet:-1","max-image-preview":"max-image-preview:large","max-video-preview":"max-video-preview:-1"},"canonical":"https:\/\/campingscat.com\/blog\/fr\/campings-disponibilites-pont-diada-septembre-2026\/","og_locale":"fr_FR","og_type":"article","og_title":"Campings Pont de la Diada septembre 2026 : disponibilit\u00e9s","og_description":"D\u00e9couvrez les campings disponibles pour le Pont de la Diada 2026 en Catalogne : Costa Brava, Costa Daurada, Pyr\u00e9n\u00e9es et plus encore.","og_url":"https:\/\/campingscat.com\/blog\/fr\/campings-disponibilites-pont-diada-septembre-2026\/","og_site_name":"Blog Campingscat","article_publisher":"https:\/\/www.facebook.com\/campingscat.campingsdecatalunya\/","article_published_time":"2026-08-28T11:41:02+00:00","article_modified_time":"2026-09-04T07:42:12+00:00","og_image":[{"width":1024,"height":576,"url":"https:\/\/campingscat.com\/blog\/wp-content\/uploads\/2026\/08\/949fe949-a025-42d7-b3d2-780e19d32ab2-1024x576.png","type":"image\/png"}],"author":"Sarai","twitter_card":"summary_large_image","twitter_creator":"@campingscat","twitter_site":"@campingscat","twitter_misc":{"\u00c9crit par":"Sarai","Dur\u00e9e de lecture estim\u00e9e":"5 minutes"},"schema":{"@context":"https:\/\/schema.org","@graph":[{"@type":"Article","@id":"https:\/\/campingscat.com\/blog\/fr\/campings-disponibilites-pont-diada-septembre-2026\/#article","isPartOf":{"@id":"https:\/\/campingscat.com\/blog\/fr\/campings-disponibilites-pont-diada-septembre-2026\/"},"author":{"name":"Sarai","@id":"https:\/\/campingscat.com\/blog\/fr\/#\/schema\/person\/01bdbfbd9a8007801e82747f1183584a"},"headline":"Campings avec disponibilit\u00e9 pour le Pont de la Diada \u2013 septembre 2026","datePublished":"2026-08-28T11:41:02+00:00","dateModified":"2026-09-04T07:42:12+00:00","mainEntityOfPage":{"@id":"https:\/\/campingscat.com\/blog\/fr\/campings-disponibilites-pont-diada-septembre-2026\/"},"wordCount":774,"publisher":{"@id":"https:\/\/campingscat.com\/blog\/fr\/#organization"},"image":{"@id":"https:\/\/campingscat.com\/blog\/fr\/campings-disponibilites-pont-diada-septembre-2026\/#primaryimage"},"thumbnailUrl":"https:\/\/campingscat.com\/blog\/wp-content\/uploads\/2026\/08\/949fe949-a025-42d7-b3d2-780e19d32ab2.png","articleSection":["Inspiration","Offres"],"inLanguage":"fr-FR"},{"@type":"WebPage","@id":"https:\/\/campingscat.com\/blog\/fr\/campings-disponibilites-pont-diada-septembre-2026\/","url":"https:\/\/campingscat.com\/blog\/fr\/campings-disponibilites-pont-diada-septembre-2026\/","name":"Campings Pont de la Diada septembre 2026 : disponibilit\u00e9s","isPartOf":{"@id":"https:\/\/campingscat.com\/blog\/fr\/#website"},"primaryImageOfPage":{"@id":"https:\/\/campingscat.com\/blog\/fr\/campings-disponibilites-pont-diada-septembre-2026\/#primaryimage"},"image":{"@id":"https:\/\/campingscat.com\/blog\/fr\/campings-disponibilites-pont-diada-septembre-2026\/#primaryimage"},"thumbnailUrl":"https:\/\/campingscat.com\/blog\/wp-content\/uploads\/2026\/08\/949fe949-a025-42d7-b3d2-780e19d32ab2.png","datePublished":"2026-08-28T11:41:02+00:00","dateModified":"2026-09-04T07:42:12+00:00","description":"D\u00e9couvrez les campings disponibles pour le Pont de la Diada 2026 en Catalogne : Costa Brava, Costa Daurada, Pyr\u00e9n\u00e9es et plus encore.","breadcrumb":{"@id":"https:\/\/campingscat.com\/blog\/fr\/campings-disponibilites-pont-diada-septembre-2026\/#breadcrumb"},"inLanguage":"fr-FR","potentialAction":[{"@type":"ReadAction","target":["https:\/\/campingscat.com\/blog\/fr\/campings-disponibilites-pont-diada-septembre-2026\/"]}]},{"@type":"ImageObject","inLanguage":"fr-FR","@id":"https:\/\/campingscat.com\/blog\/fr\/campings-disponibilites-pont-diada-septembre-2026\/#primaryimage","url":"https:\/\/campingscat.com\/blog\/wp-content\/uploads\/2026\/08\/949fe949-a025-42d7-b3d2-780e19d32ab2.png","contentUrl":"https:\/\/campingscat.com\/blog\/wp-content\/uploads\/2026\/08\/949fe949-a025-42d7-b3d2-780e19d32ab2.png","width":1672,"height":941},{"@type":"BreadcrumbList","@id":"https:\/\/campingscat.com\/blog\/fr\/campings-disponibilites-pont-diada-septembre-2026\/#breadcrumb","itemListElement":[{"@type":"ListItem","position":1,"name":"Inici","item":"https:\/\/campingscat.com\/blog\/fr\/"},{"@type":"ListItem","position":2,"name":"Campings avec disponibilit\u00e9 pour le Pont de la Diada \u2013 septembre 2026"}]},{"@type":"WebSite","@id":"https:\/\/campingscat.com\/blog\/fr\/#website","url":"https:\/\/campingscat.com\/blog\/fr\/","name":"Blog Campingscat","description":"Campings de Catalunya","publisher":{"@id":"https:\/\/campingscat.com\/blog\/fr\/#organization"},"potentialAction":[{"@type":"SearchAction","target":{"@type":"EntryPoint","urlTemplate":"https:\/\/campingscat.com\/blog\/fr\/?s={search_term_string}"},"query-input":{"@type":"PropertyValueSpecification","valueRequired":true,"valueName":"search_term_string"}}],"inLanguage":"fr-FR"},{"@type":"Organization","@id":"https:\/\/campingscat.com\/blog\/fr\/#organization","name":"Blog Campings CAT","url":"https:\/\/campingscat.com\/blog\/fr\/","logo":{"@type":"ImageObject","inLanguage":"fr-FR","@id":"https:\/\/campingscat.com\/blog\/fr\/#\/schema\/logo\/image\/","url":"https:\/\/campingscat.com\/blog\/wp-content\/uploads\/2020\/09\/logo-blog.png","contentUrl":"https:\/\/campingscat.com\/blog\/wp-content\/uploads\/2020\/09\/logo-blog.png","width":272,"height":90,"caption":"Blog Campings CAT"},"image":{"@id":"https:\/\/campingscat.com\/blog\/fr\/#\/schema\/logo\/image\/"},"sameAs":["https:\/\/www.facebook.com\/campingscat.campingsdecatalunya\/","https:\/\/x.com\/campingscat","https:\/\/www.instagram.com\/campingscat\/"]},{"@type":"Person","@id":"https:\/\/campingscat.com\/blog\/fr\/#\/schema\/person\/01bdbfbd9a8007801e82747f1183584a","name":"Sarai"}]}},"_links":{"self":[{"href":"https:\/\/campingscat.com\/blog\/fr\/wp-json\/wp\/v2\/posts\/18922","targetHints":{"allow":["GET"]}}],"collection":[{"href":"https:\/\/campingscat.com\/blog\/fr\/wp-json\/wp\/v2\/posts"}],"about":[{"href":"https:\/\/campingscat.com\/blog\/fr\/wp-json\/wp\/v2\/types\/post"}],"author":[{"embeddable":true,"href":"https:\/\/campingscat.com\/blog\/fr\/wp-json\/wp\/v2\/users\/17"}],"replies":[{"embeddable":true,"href":"https:\/\/campingscat.com\/blog\/fr\/wp-json\/wp\/v2\/comments?post=18922"}],"version-history":[{"count":3,"href":"https:\/\/campingscat.com\/blog\/fr\/wp-json\/wp\/v2\/posts\/18922\/revisions"}],"predecessor-version":[{"id":18950,"href":"https:\/\/campingscat.com\/blog\/fr\/wp-json\/wp\/v2\/posts\/18922\/revisions\/18950"}],"wp:featuredmedia":[{"embeddable":true,"href":"https:\/\/campingscat.com\/blog\/fr\/wp-json\/wp\/v2\/media\/18564"}],"wp:attachment":[{"href":"https:\/\/campingscat.com\/blog\/fr\/wp-json\/wp\/v2\/media?parent=18922"}],"wp:term":[{"taxonomy":"category","embeddable":true,"href":"https:\/\/campingscat.com\/blog\/fr\/wp-json\/wp\/v2\/categories?post=18922"},{"taxonomy":"post_tag","embeddable":true,"href":"https:\/\/campingscat.com\/blog\/fr\/wp-json\/wp\/v2\/tags?post=18922"}],"curies":[{"name":"wp","href":"https:\/\/api.w.org\/{rel}","templated":true}]}}