{"id":18896,"date":"2026-09-03T12:00:51","date_gmt":"2026-09-03T10:00:51","guid":{"rendered":"https:\/\/campingscat.com\/blog\/?p=18896"},"modified":"2026-09-02T11:06:01","modified_gmt":"2026-09-02T09:06:01","slug":"campings-de-cataluna-que-cierran-en-septiembre","status":"publish","type":"post","link":"https:\/\/campingscat.com\/blog\/fr\/campings-de-cataluna-que-cierran-en-septiembre\/","title":{"rendered":"Campings de Catalogne qui ferment en septembre"},"content":{"rendered":"<script>const cc_search_query = \"\";<\/script><div class=\"traductor-textarea form-group\">\n<div class=\"textarea-desti col-xs-12 col-sm-6\">\n<div><\/div>\n<div class=\"form-control second-textarea\">\u00c0 l\u2019arriv\u00e9e du mois de septembre, de nombreux voyageurs consid\u00e8rent la saison estivale comme termin\u00e9e. Pourtant, ce mois poss\u00e8de un charme particulier pour ceux qui recherchent une exp\u00e9rience plus calme et authentique. De nombreux campings restent ouverts, mais certains campings de Catalogne ferment en septembre : il faut donc se d\u00e9p\u00eacher de r\u00e9server !<\/div>\n<\/div>\n<\/div>\n<h2 class=\"PDq2pG_selectionAnchorContainer\" data-section-id=\"oazxpp\" data-start=\"0\" data-end=\"46\"><span role=\"text\"><strong data-start=\"3\" data-end=\"46\">Les avantages de voyager en septembre :<\/strong><\/span><\/h2>\n<ul data-start=\"48\" data-end=\"834\" data-is-last-node=\"\" data-is-only-node=\"\">\n<li data-section-id=\"wf2q2q\" data-start=\"48\" data-end=\"173\"><strong data-start=\"50\" data-end=\"76\">Plus de tranquillit\u00e9 :<\/strong> sans les foules typiques du mois d\u2019ao\u00fbt, vous pouvez profiter des espaces en toute tranquillit\u00e9.<\/li>\n<li data-section-id=\"1r8lpxl\" data-start=\"174\" data-end=\"292\"><strong data-start=\"176\" data-end=\"206\">Des prix plus avantageux :<\/strong> de nombreux campings proposent des tarifs plus abordables lorsque la demande diminue.<\/li>\n<li data-section-id=\"1ohe43i\" data-start=\"293\" data-end=\"439\"><strong data-start=\"295\" data-end=\"319\">Un climat agr\u00e9able :<\/strong> des temp\u00e9ratures plus douces, id\u00e9ales pour faire des excursions ou profiter de la nature sans subir de fortes chaleurs.<\/li>\n<li data-section-id=\"ys089y\" data-start=\"440\" data-end=\"554\"><strong data-start=\"442\" data-end=\"481\">Un environnement plus authentique :<\/strong> moins de tourisme de masse et davantage de proximit\u00e9 avec les habitants.<\/li>\n<li data-section-id=\"1o310ss\" data-start=\"555\" data-end=\"686\"><strong data-start=\"557\" data-end=\"598\">Des couleurs et une lumi\u00e8re uniques :<\/strong> les paysages commencent \u00e0 se transformer et les couchers de soleil sont spectaculaires.<\/li>\n<li data-section-id=\"nqp5if\" data-start=\"687\" data-end=\"834\" data-is-last-node=\"\"><strong data-start=\"689\" data-end=\"714\">Plus de flexibilit\u00e9 :<\/strong> davantage de disponibilit\u00e9s pour choisir votre emplacement ou votre bungalow sans devoir r\u00e9server longtemps \u00e0 l\u2019avance.<\/li>\n<\/ul>\n<h2><strong>Liste des campings qui ferment en septembre :<\/strong><\/h2>\n<h3>Camping Alannia Neptuno (Pals)<\/h3>\n<ul>\n<li style=\"font-weight: 400;\" aria-level=\"2\"><span style=\"font-weight: 400;\">Ouvert jusqu\u2019au 27 de septembre<\/span><\/li>\n<\/ul>\n<p><a href=\"https:\/\/campingscat.com\/ca\/costa-brava\/camping-alannia-neptuno\/web\" target=\"_blank\" rel=\"noopener\">VOIR LE SITE WEB<\/a><\/p>\n<h3>Camping Interpals Eco Resort (Pals)<\/h3>\n<ul>\n<li style=\"font-weight: 400;\" aria-level=\"2\">Ouvert jusqu\u2019au 13 septembre<\/li>\n<\/ul>\n<p><a href=\"https:\/\/campingscat.com\/ca\/costa-brava\/camping-interpals-eco-resort\/web\" target=\"_blank\" rel=\"noopener\">VOIR LE SITE WEB<\/a><\/p>\n<h3>Camping N\u00e0utic Almata (Castell\u00f3 d&rsquo;Emp\u00faries)<\/h3>\n<ul>\n<li style=\"font-weight: 400;\" aria-level=\"2\"><span style=\"font-weight: 400;\">Ouvert jusqu\u2019au 15 de septembre<\/span><\/li>\n<\/ul>\n<p><a href=\"https:\/\/campingscat.com\/ca\/costa-brava\/camping-nautic-almata\/web\" target=\"_blank\" rel=\"noopener\">VOIR LE SITE WEB<\/a><\/p>\n<h3>Eurocamping (Sant Antoni de Calonge)<\/h3>\n<ul>\n<li style=\"font-weight: 400;\" aria-level=\"2\"><span style=\"font-weight: 400;\">Ouvert jusqu\u2019au 13 de septembre<\/span><\/li>\n<\/ul>\n<p><a href=\"https:\/\/campingscat.com\/ca\/costa-brava\/eurocamping\/web\" target=\"_blank\" rel=\"noopener\">VOIR LE SITE WEB<\/a><\/p>\n<h3>Camping Amfora (Sant Pere Pescador)<\/h3>\n<ul>\n<li style=\"font-weight: 400;\" aria-level=\"2\"><span style=\"font-weight: 400;\">Ouvert jusqu\u2019au 22 de septembre<\/span><\/li>\n<\/ul>\n<p><a href=\"https:\/\/campingscat.com\/ca\/costa-brava\/camping-amfora\/web\" target=\"_blank\" rel=\"noopener\">VOIR LE SITE WEB<\/a><\/p>\n<h3>Camping Las Dunas (Sant Pere Pescador)<\/h3>\n<ul>\n<li style=\"font-weight: 400;\" aria-level=\"2\"><span style=\"font-weight: 400;\">Ouvert jusqu\u2019au 20 de septembre<\/span><\/li>\n<\/ul>\n<p><a href=\"https:\/\/campingscat.com\/ca\/costa-brava\/camping-las-dunas-costa-brava\/web\" target=\"_blank\" rel=\"noopener\">VOIR LE SITE WEB<\/a><\/p>\n<h3>Camping Stel Puigcerd\u00e0 (Puigcerd\u00e0)<\/h3>\n<ul>\n<li style=\"font-weight: 400;\" aria-level=\"2\"><span style=\"font-weight: 400;\">Ouvert jusqu\u2019au 27 de septembre<\/span><\/li>\n<\/ul>\n<p><a href=\"https:\/\/campingscat.com\/ca\/pirineus\/camping-stel-puigcerda\/web\" target=\"_blank\" rel=\"noopener\">VOIR LE SITE WEB<\/a><\/p>\n<h3>Stel Camping &amp; Bungalow Resorts (Roda de Bar\u00e0)<\/h3>\n<ul>\n<li style=\"font-weight: 400;\" aria-level=\"2\"><span style=\"font-weight: 400;\">Ouvert jusqu\u2019au 27 de septembre<\/span><\/li>\n<\/ul>\n<p><a href=\"https:\/\/campingscat.com\/ca\/costa-daurada\/stel-camping-bungalow-resorts\/web\" target=\"_blank\" rel=\"noopener\">VOIR LE SITE WEB<\/a><\/p>\n<h3>Camping Eucaliptus (Amposta)<\/h3>\n<ul>\n<li style=\"font-weight: 400;\" aria-level=\"2\"><span style=\"font-weight: 400;\">Ouvert jusqu\u2019au 27 de septembre<\/span><\/li>\n<\/ul>\n<p><a href=\"https:\/\/campingscat.com\/ca\/terres-de-lebre\/camping-eucaliptus\/web\" target=\"_blank\" rel=\"noopener\">VOIR LE SITE WEB<\/a><\/p>\n<p class=\"isSelectedEnd\"><strong>Ne laissez pas passer cette occasion !<\/strong> D\u00e9couvrez d\u00e8s maintenant les campings qui <strong>ferment en septembre<\/strong> et choisissez votre destination avant la fin de la saison.<\/p>\n<p>Profitez de vacances paisibles, \u00e0 des prix avantageux et en pleine nature.<\/p>\n<h6>Vous pourriez \u00e9galement \u00eatre int\u00e9ress\u00e9 par :<\/h6>\n<ul>\n<li><a href=\"https:\/\/campingscat.com\/blog\/ca\/tag\/blog\/?cat_ID=91&#038;tag=blog&#038;cat_ID=91&#038;tag=blog&#038;cat_ID=91&#038;tag=blog&#038;cat_ID=91&#038;cat_ID=91&#038;p=18503\" target=\"_blank\" rel=\"noopener\">Campings pr\u00e8s des plages autoris\u00e9es aux chiens<\/a><\/li>\n<li><a href=\"https:\/\/campingscat.com\/blog\/ca\/tag\/blog\/?cat_ID=91&#038;tag=blog&#038;cat_ID=91&#038;tag=blog&#038;cat_ID=91&#038;tag=blog&#038;cat_ID=91&#038;cat_ID=91&#038;p=18497\" target=\"_blank\" rel=\"noopener\">9 Campings en Catalogne pr\u00e8s des rivi\u00e8res, des lacs et des piscines naturelles<\/a><\/li>\n<\/ul>\n<h6><a href=\"https:\/\/campingscat.com\/es\/newsletter-campings\/\" target=\"_blank\" rel=\"noopener\"><img fetchpriority=\"high\" decoding=\"async\" class=\"aligncenter\" src=\"https:\/\/campingscat.com\/blog\/wp-content\/uploads\/2021\/09\/si-te-ha-gustado-2.jpg\" alt=\"\" width=\"728\" height=\"90\" \/><\/a><\/h6>\n<h6><\/h6>\n<h6><\/h6>\n","protected":false},"excerpt":{"rendered":"<p>\u00c0 l\u2019arriv\u00e9e du mois de septembre, de nombreux voyageurs consid\u00e8rent la saison estivale comme termin\u00e9e.&hellip;<\/p>\n","protected":false},"author":19,"featured_media":18877,"comment_status":"closed","ping_status":"closed","sticky":false,"template":"","format":"standard","meta":{"footnotes":""},"categories":[258,303,293],"tags":[],"class_list":["post-18896","post","type-post","status-publish","format-standard","has-post-thumbnail","hentry","category-campings-fr","category-inspiration","category-ou-aller"],"yoast_head":"<!-- This site is optimized with the Yoast SEO plugin v27.7 - https:\/\/yoast.com\/product\/yoast-seo-wordpress\/ -->\n<title>Campings de Catalogne qui ferment en septembre<\/title>\n<meta name=\"description\" content=\"Descubre los campings de Catalu\u00f1a que cierran en septiembre y aprovecha las \u00faltimas oportunidades para disfrutar del verano.\" \/>\n<meta name=\"robots\" content=\"index, follow, max-snippet:-1, max-image-preview:large, max-video-preview:-1\" \/>\n<link rel=\"canonical\" href=\"https:\/\/campingscat.com\/blog\/fr\/campings-de-cataluna-que-cierran-en-septiembre\/\" \/>\n<meta property=\"og:locale\" content=\"fr_FR\" \/>\n<meta property=\"og:type\" content=\"article\" \/>\n<meta property=\"og:title\" content=\"Campings de Catalogne qui ferment en septembre\" \/>\n<meta property=\"og:description\" content=\"Descubre los campings de Catalu\u00f1a que cierran en septiembre y aprovecha las \u00faltimas oportunidades para disfrutar del verano.\" \/>\n<meta property=\"og:url\" content=\"https:\/\/campingscat.com\/blog\/fr\/campings-de-cataluna-que-cierran-en-septiembre\/\" \/>\n<meta property=\"og:site_name\" content=\"Blog Campingscat\" \/>\n<meta property=\"article:publisher\" content=\"https:\/\/www.facebook.com\/campingscat.campingsdecatalunya\/\" \/>\n<meta property=\"article:published_time\" content=\"2026-09-03T10:00:51+00:00\" \/>\n<meta property=\"og:image\" content=\"https:\/\/campingscat.com\/blog\/wp-content\/uploads\/2025\/09\/portada-ACT-campings-que-tanquen-al-setembre-1024x576.png\" \/>\n\t<meta property=\"og:image:width\" content=\"1024\" \/>\n\t<meta property=\"og:image:height\" content=\"576\" \/>\n\t<meta property=\"og:image:type\" content=\"image\/png\" \/>\n<meta name=\"author\" content=\"Aina Bargallo\" \/>\n<meta name=\"twitter:card\" content=\"summary_large_image\" \/>\n<meta name=\"twitter:creator\" content=\"@campingscat\" \/>\n<meta name=\"twitter:site\" content=\"@campingscat\" \/>\n<meta name=\"twitter:label1\" content=\"\u00c9crit par\" \/>\n\t<meta name=\"twitter:data1\" content=\"Aina Bargallo\" \/>\n\t<meta name=\"twitter:label2\" content=\"Dur\u00e9e de lecture estim\u00e9e\" \/>\n\t<meta name=\"twitter:data2\" content=\"3 minutes\" \/>\n<script type=\"application\/ld+json\" class=\"yoast-schema-graph\">{\"@context\":\"https:\\\/\\\/schema.org\",\"@graph\":[{\"@type\":\"Article\",\"@id\":\"https:\\\/\\\/campingscat.com\\\/blog\\\/fr\\\/campings-de-cataluna-que-cierran-en-septiembre\\\/#article\",\"isPartOf\":{\"@id\":\"https:\\\/\\\/campingscat.com\\\/blog\\\/fr\\\/campings-de-cataluna-que-cierran-en-septiembre\\\/\"},\"author\":{\"name\":\"Aina Bargallo\",\"@id\":\"https:\\\/\\\/campingscat.com\\\/blog\\\/fr\\\/#\\\/schema\\\/person\\\/ed3154fd427936dc2619302bc16fc10f\"},\"headline\":\"Campings de Catalogne qui ferment en septembre\",\"datePublished\":\"2026-09-03T10:00:51+00:00\",\"mainEntityOfPage\":{\"@id\":\"https:\\\/\\\/campingscat.com\\\/blog\\\/fr\\\/campings-de-cataluna-que-cierran-en-septiembre\\\/\"},\"wordCount\":393,\"publisher\":{\"@id\":\"https:\\\/\\\/campingscat.com\\\/blog\\\/fr\\\/#organization\"},\"image\":{\"@id\":\"https:\\\/\\\/campingscat.com\\\/blog\\\/fr\\\/campings-de-cataluna-que-cierran-en-septiembre\\\/#primaryimage\"},\"thumbnailUrl\":\"https:\\\/\\\/campingscat.com\\\/blog\\\/wp-content\\\/uploads\\\/2025\\\/09\\\/portada-ACT-campings-que-tanquen-al-setembre.png\",\"articleSection\":[\"Campings\",\"Inspiration\",\"Ou aller\"],\"inLanguage\":\"fr-FR\"},{\"@type\":\"WebPage\",\"@id\":\"https:\\\/\\\/campingscat.com\\\/blog\\\/fr\\\/campings-de-cataluna-que-cierran-en-septiembre\\\/\",\"url\":\"https:\\\/\\\/campingscat.com\\\/blog\\\/fr\\\/campings-de-cataluna-que-cierran-en-septiembre\\\/\",\"name\":\"Campings de Catalogne qui ferment en septembre\",\"isPartOf\":{\"@id\":\"https:\\\/\\\/campingscat.com\\\/blog\\\/fr\\\/#website\"},\"primaryImageOfPage\":{\"@id\":\"https:\\\/\\\/campingscat.com\\\/blog\\\/fr\\\/campings-de-cataluna-que-cierran-en-septiembre\\\/#primaryimage\"},\"image\":{\"@id\":\"https:\\\/\\\/campingscat.com\\\/blog\\\/fr\\\/campings-de-cataluna-que-cierran-en-septiembre\\\/#primaryimage\"},\"thumbnailUrl\":\"https:\\\/\\\/campingscat.com\\\/blog\\\/wp-content\\\/uploads\\\/2025\\\/09\\\/portada-ACT-campings-que-tanquen-al-setembre.png\",\"datePublished\":\"2026-09-03T10:00:51+00:00\",\"description\":\"Descubre los campings de Catalu\u00f1a que cierran en septiembre y aprovecha las \u00faltimas oportunidades para disfrutar del verano.\",\"breadcrumb\":{\"@id\":\"https:\\\/\\\/campingscat.com\\\/blog\\\/fr\\\/campings-de-cataluna-que-cierran-en-septiembre\\\/#breadcrumb\"},\"inLanguage\":\"fr-FR\",\"potentialAction\":[{\"@type\":\"ReadAction\",\"target\":[\"https:\\\/\\\/campingscat.com\\\/blog\\\/fr\\\/campings-de-cataluna-que-cierran-en-septiembre\\\/\"]}]},{\"@type\":\"ImageObject\",\"inLanguage\":\"fr-FR\",\"@id\":\"https:\\\/\\\/campingscat.com\\\/blog\\\/fr\\\/campings-de-cataluna-que-cierran-en-septiembre\\\/#primaryimage\",\"url\":\"https:\\\/\\\/campingscat.com\\\/blog\\\/wp-content\\\/uploads\\\/2025\\\/09\\\/portada-ACT-campings-que-tanquen-al-setembre.png\",\"contentUrl\":\"https:\\\/\\\/campingscat.com\\\/blog\\\/wp-content\\\/uploads\\\/2025\\\/09\\\/portada-ACT-campings-que-tanquen-al-setembre.png\",\"width\":1672,\"height\":941},{\"@type\":\"BreadcrumbList\",\"@id\":\"https:\\\/\\\/campingscat.com\\\/blog\\\/fr\\\/campings-de-cataluna-que-cierran-en-septiembre\\\/#breadcrumb\",\"itemListElement\":[{\"@type\":\"ListItem\",\"position\":1,\"name\":\"Inici\",\"item\":\"https:\\\/\\\/campingscat.com\\\/blog\\\/fr\\\/\"},{\"@type\":\"ListItem\",\"position\":2,\"name\":\"Campings de Catalogne qui ferment en septembre\"}]},{\"@type\":\"WebSite\",\"@id\":\"https:\\\/\\\/campingscat.com\\\/blog\\\/fr\\\/#website\",\"url\":\"https:\\\/\\\/campingscat.com\\\/blog\\\/fr\\\/\",\"name\":\"Blog Campingscat\",\"description\":\"Campings de Catalunya\",\"publisher\":{\"@id\":\"https:\\\/\\\/campingscat.com\\\/blog\\\/fr\\\/#organization\"},\"potentialAction\":[{\"@type\":\"SearchAction\",\"target\":{\"@type\":\"EntryPoint\",\"urlTemplate\":\"https:\\\/\\\/campingscat.com\\\/blog\\\/fr\\\/?s={search_term_string}\"},\"query-input\":{\"@type\":\"PropertyValueSpecification\",\"valueRequired\":true,\"valueName\":\"search_term_string\"}}],\"inLanguage\":\"fr-FR\"},{\"@type\":\"Organization\",\"@id\":\"https:\\\/\\\/campingscat.com\\\/blog\\\/fr\\\/#organization\",\"name\":\"Blog Campings CAT\",\"url\":\"https:\\\/\\\/campingscat.com\\\/blog\\\/fr\\\/\",\"logo\":{\"@type\":\"ImageObject\",\"inLanguage\":\"fr-FR\",\"@id\":\"https:\\\/\\\/campingscat.com\\\/blog\\\/fr\\\/#\\\/schema\\\/logo\\\/image\\\/\",\"url\":\"https:\\\/\\\/campingscat.com\\\/blog\\\/wp-content\\\/uploads\\\/2020\\\/09\\\/logo-blog.png\",\"contentUrl\":\"https:\\\/\\\/campingscat.com\\\/blog\\\/wp-content\\\/uploads\\\/2020\\\/09\\\/logo-blog.png\",\"width\":272,\"height\":90,\"caption\":\"Blog Campings CAT\"},\"image\":{\"@id\":\"https:\\\/\\\/campingscat.com\\\/blog\\\/fr\\\/#\\\/schema\\\/logo\\\/image\\\/\"},\"sameAs\":[\"https:\\\/\\\/www.facebook.com\\\/campingscat.campingsdecatalunya\\\/\",\"https:\\\/\\\/x.com\\\/campingscat\",\"https:\\\/\\\/www.instagram.com\\\/campingscat\\\/\"]},{\"@type\":\"Person\",\"@id\":\"https:\\\/\\\/campingscat.com\\\/blog\\\/fr\\\/#\\\/schema\\\/person\\\/ed3154fd427936dc2619302bc16fc10f\",\"name\":\"Aina Bargallo\"}]}<\/script>\n<!-- \/ Yoast SEO plugin. -->","yoast_head_json":{"title":"Campings de Catalogne qui ferment en septembre","description":"Descubre los campings de Catalu\u00f1a que cierran en septiembre y aprovecha las \u00faltimas oportunidades para disfrutar del verano.","robots":{"index":"index","follow":"follow","max-snippet":"max-snippet:-1","max-image-preview":"max-image-preview:large","max-video-preview":"max-video-preview:-1"},"canonical":"https:\/\/campingscat.com\/blog\/fr\/campings-de-cataluna-que-cierran-en-septiembre\/","og_locale":"fr_FR","og_type":"article","og_title":"Campings de Catalogne qui ferment en septembre","og_description":"Descubre los campings de Catalu\u00f1a que cierran en septiembre y aprovecha las \u00faltimas oportunidades para disfrutar del verano.","og_url":"https:\/\/campingscat.com\/blog\/fr\/campings-de-cataluna-que-cierran-en-septiembre\/","og_site_name":"Blog Campingscat","article_publisher":"https:\/\/www.facebook.com\/campingscat.campingsdecatalunya\/","article_published_time":"2026-09-03T10:00:51+00:00","og_image":[{"width":1024,"height":576,"url":"https:\/\/campingscat.com\/blog\/wp-content\/uploads\/2025\/09\/portada-ACT-campings-que-tanquen-al-setembre-1024x576.png","type":"image\/png"}],"author":"Aina Bargallo","twitter_card":"summary_large_image","twitter_creator":"@campingscat","twitter_site":"@campingscat","twitter_misc":{"\u00c9crit par":"Aina Bargallo","Dur\u00e9e de lecture estim\u00e9e":"3 minutes"},"schema":{"@context":"https:\/\/schema.org","@graph":[{"@type":"Article","@id":"https:\/\/campingscat.com\/blog\/fr\/campings-de-cataluna-que-cierran-en-septiembre\/#article","isPartOf":{"@id":"https:\/\/campingscat.com\/blog\/fr\/campings-de-cataluna-que-cierran-en-septiembre\/"},"author":{"name":"Aina Bargallo","@id":"https:\/\/campingscat.com\/blog\/fr\/#\/schema\/person\/ed3154fd427936dc2619302bc16fc10f"},"headline":"Campings de Catalogne qui ferment en septembre","datePublished":"2026-09-03T10:00:51+00:00","mainEntityOfPage":{"@id":"https:\/\/campingscat.com\/blog\/fr\/campings-de-cataluna-que-cierran-en-septiembre\/"},"wordCount":393,"publisher":{"@id":"https:\/\/campingscat.com\/blog\/fr\/#organization"},"image":{"@id":"https:\/\/campingscat.com\/blog\/fr\/campings-de-cataluna-que-cierran-en-septiembre\/#primaryimage"},"thumbnailUrl":"https:\/\/campingscat.com\/blog\/wp-content\/uploads\/2025\/09\/portada-ACT-campings-que-tanquen-al-setembre.png","articleSection":["Campings","Inspiration","Ou aller"],"inLanguage":"fr-FR"},{"@type":"WebPage","@id":"https:\/\/campingscat.com\/blog\/fr\/campings-de-cataluna-que-cierran-en-septiembre\/","url":"https:\/\/campingscat.com\/blog\/fr\/campings-de-cataluna-que-cierran-en-septiembre\/","name":"Campings de Catalogne qui ferment en septembre","isPartOf":{"@id":"https:\/\/campingscat.com\/blog\/fr\/#website"},"primaryImageOfPage":{"@id":"https:\/\/campingscat.com\/blog\/fr\/campings-de-cataluna-que-cierran-en-septiembre\/#primaryimage"},"image":{"@id":"https:\/\/campingscat.com\/blog\/fr\/campings-de-cataluna-que-cierran-en-septiembre\/#primaryimage"},"thumbnailUrl":"https:\/\/campingscat.com\/blog\/wp-content\/uploads\/2025\/09\/portada-ACT-campings-que-tanquen-al-setembre.png","datePublished":"2026-09-03T10:00:51+00:00","description":"Descubre los campings de Catalu\u00f1a que cierran en septiembre y aprovecha las \u00faltimas oportunidades para disfrutar del verano.","breadcrumb":{"@id":"https:\/\/campingscat.com\/blog\/fr\/campings-de-cataluna-que-cierran-en-septiembre\/#breadcrumb"},"inLanguage":"fr-FR","potentialAction":[{"@type":"ReadAction","target":["https:\/\/campingscat.com\/blog\/fr\/campings-de-cataluna-que-cierran-en-septiembre\/"]}]},{"@type":"ImageObject","inLanguage":"fr-FR","@id":"https:\/\/campingscat.com\/blog\/fr\/campings-de-cataluna-que-cierran-en-septiembre\/#primaryimage","url":"https:\/\/campingscat.com\/blog\/wp-content\/uploads\/2025\/09\/portada-ACT-campings-que-tanquen-al-setembre.png","contentUrl":"https:\/\/campingscat.com\/blog\/wp-content\/uploads\/2025\/09\/portada-ACT-campings-que-tanquen-al-setembre.png","width":1672,"height":941},{"@type":"BreadcrumbList","@id":"https:\/\/campingscat.com\/blog\/fr\/campings-de-cataluna-que-cierran-en-septiembre\/#breadcrumb","itemListElement":[{"@type":"ListItem","position":1,"name":"Inici","item":"https:\/\/campingscat.com\/blog\/fr\/"},{"@type":"ListItem","position":2,"name":"Campings de Catalogne qui ferment en septembre"}]},{"@type":"WebSite","@id":"https:\/\/campingscat.com\/blog\/fr\/#website","url":"https:\/\/campingscat.com\/blog\/fr\/","name":"Blog Campingscat","description":"Campings de Catalunya","publisher":{"@id":"https:\/\/campingscat.com\/blog\/fr\/#organization"},"potentialAction":[{"@type":"SearchAction","target":{"@type":"EntryPoint","urlTemplate":"https:\/\/campingscat.com\/blog\/fr\/?s={search_term_string}"},"query-input":{"@type":"PropertyValueSpecification","valueRequired":true,"valueName":"search_term_string"}}],"inLanguage":"fr-FR"},{"@type":"Organization","@id":"https:\/\/campingscat.com\/blog\/fr\/#organization","name":"Blog Campings CAT","url":"https:\/\/campingscat.com\/blog\/fr\/","logo":{"@type":"ImageObject","inLanguage":"fr-FR","@id":"https:\/\/campingscat.com\/blog\/fr\/#\/schema\/logo\/image\/","url":"https:\/\/campingscat.com\/blog\/wp-content\/uploads\/2020\/09\/logo-blog.png","contentUrl":"https:\/\/campingscat.com\/blog\/wp-content\/uploads\/2020\/09\/logo-blog.png","width":272,"height":90,"caption":"Blog Campings CAT"},"image":{"@id":"https:\/\/campingscat.com\/blog\/fr\/#\/schema\/logo\/image\/"},"sameAs":["https:\/\/www.facebook.com\/campingscat.campingsdecatalunya\/","https:\/\/x.com\/campingscat","https:\/\/www.instagram.com\/campingscat\/"]},{"@type":"Person","@id":"https:\/\/campingscat.com\/blog\/fr\/#\/schema\/person\/ed3154fd427936dc2619302bc16fc10f","name":"Aina Bargallo"}]}},"_links":{"self":[{"href":"https:\/\/campingscat.com\/blog\/fr\/wp-json\/wp\/v2\/posts\/18896","targetHints":{"allow":["GET"]}}],"collection":[{"href":"https:\/\/campingscat.com\/blog\/fr\/wp-json\/wp\/v2\/posts"}],"about":[{"href":"https:\/\/campingscat.com\/blog\/fr\/wp-json\/wp\/v2\/types\/post"}],"author":[{"embeddable":true,"href":"https:\/\/campingscat.com\/blog\/fr\/wp-json\/wp\/v2\/users\/19"}],"replies":[{"embeddable":true,"href":"https:\/\/campingscat.com\/blog\/fr\/wp-json\/wp\/v2\/comments?post=18896"}],"version-history":[{"count":5,"href":"https:\/\/campingscat.com\/blog\/fr\/wp-json\/wp\/v2\/posts\/18896\/revisions"}],"predecessor-version":[{"id":18910,"href":"https:\/\/campingscat.com\/blog\/fr\/wp-json\/wp\/v2\/posts\/18896\/revisions\/18910"}],"wp:featuredmedia":[{"embeddable":true,"href":"https:\/\/campingscat.com\/blog\/fr\/wp-json\/wp\/v2\/media\/18877"}],"wp:attachment":[{"href":"https:\/\/campingscat.com\/blog\/fr\/wp-json\/wp\/v2\/media?parent=18896"}],"wp:term":[{"taxonomy":"category","embeddable":true,"href":"https:\/\/campingscat.com\/blog\/fr\/wp-json\/wp\/v2\/categories?post=18896"},{"taxonomy":"post_tag","embeddable":true,"href":"https:\/\/campingscat.com\/blog\/fr\/wp-json\/wp\/v2\/tags?post=18896"}],"curies":[{"name":"wp","href":"https:\/\/api.w.org\/{rel}","templated":true}]}}