{"id":7504,"date":"2022-04-22T15:43:49","date_gmt":"2022-04-22T13:43:49","guid":{"rendered":"https:\/\/campingscat.com\/blog\/?p=7504"},"modified":"2026-04-27T13:02:28","modified_gmt":"2026-04-27T11:02:28","slug":"primavera-temps-de-flors-y-fiesta-en-gerona-y-la-costa-brava","status":"publish","type":"post","link":"https:\/\/campingscat.com\/blog\/es\/primavera-temps-de-flors-y-fiesta-en-gerona-y-la-costa-brava\/","title":{"rendered":"Primavera, Temps de Flors y fiesta en Gerona 2026"},"content":{"rendered":"<script>const cc_search_query = \"\";<\/script><div>\n<p><span style=\"font-weight: 400;\">Hay momentos que quedan grabados para siempre en la memoria de los ni\u00f1os. Im\u00e1genes que no se olvidan: una calle empedrada vestida de p\u00e9talos, el olor de mil flores mezclado con la piedra antigua, la maravilla pintada en los ojos de un ni\u00f1o que no sabe muy bien d\u00f3nde mirar primero. Girona, cada mes de mayo, tiene ese don especial: convertir una ciudad medieval en un sue\u00f1o florido que enamora a todos los que la visitan.<\/span><\/p>\n<p><span style=\"font-weight: 400;\">Si est\u00e1s pensando en una escapada familiar diferente, una de esas que tus hijos recordar\u00e1n cuando sean mayores, ap\u00fantalo bien: el Temps de Flors de Girona 2026 es tu pr\u00f3xima aventura en familia. Y si la combinas con unos d\u00edas de camping en la Costa Brava&#8230; ya tienes el plan perfecto de vacaciones en familia en Catalu\u00f1a.<\/span><\/p>\n<h2><b>\u00bfQu\u00e9 es el Temps de Flors de Girona?<\/b><\/h2>\n<p><span style=\"font-weight: 400;\">El Temps de Flors de Girona es mucho m\u00e1s que una exposici\u00f3n floral. Es uno de los festivales m\u00e1s bellos y emocionantes de Catalu\u00f1a, y uno de los m\u00e1s reconocidos internacionalmente. Cada primavera, durante nueve d\u00edas, la ciudad de Girona se transforma en un jard\u00edn a cielo abierto que seduce a visitantes de todo el mundo.<\/span><\/p>\n<p><span style=\"font-weight: 400;\">Sus or\u00edgenes se remontan al a\u00f1o 1954. La 71\u00aa edici\u00f3n tendr\u00e1 lugar del 9 al 17 de mayo de 2026, con cerca de 130 proyectos repartidos en m\u00e1s de 100 espacios emblem\u00e1ticos de la ciudad.<\/span><\/p>\n<p><span style=\"font-weight: 400;\">Durante estos d\u00edas m\u00e1gicos, monumentos, patios, claustros y rincones escondidos del Barri Vell se abren al p\u00fablico con instalaciones florales de una belleza abrumadora. Las escaleras de la Catedral, los Ba\u00f1os \u00c1rabes, el monasterio de Sant Pere de Galligants, los puentes sobre el Onyar&#8230; todo se viste de colores y perfumes que transforman Girona en un espacio \u00fanico e irrepetible.<\/span><\/p>\n<p><b>\u00bfLo mejor de todo? La entrada es completamente gratuita.<\/b><\/p>\n<h2><b>\u00bfPor qu\u00e9 es ideal para visitar en familia?<\/b><\/h2>\n<p><span style=\"font-weight: 400;\">El Temps de Flors es un festival hecho a medida para toda la familia. Los ni\u00f1os se sentir\u00e1n protagonistas paseando por las calles medievales de Girona, descubriendo flores de todos los colores e instalaciones art\u00edsticas sorprendentes.<\/span><\/p>\n<p><span style=\"font-weight: 400;\">Hay actividades para todas las edades: talleres de flores para ni\u00f1os, conciertos y propuestas pensadas para todos los p\u00fablicos. Las &#8216;Flors de Nit&#8217;, los s\u00e1bados hasta medianoche, son una experiencia luminosa especial que los peque\u00f1os de la casa no querr\u00e1n perderse.<\/span><\/p>\n<p><span style=\"font-weight: 400;\">Los horarios amplios \u2014de 10 h a 21 h cada d\u00eda\u2014 dan mucha flexibilidad a las familias para organizar la visita a su ritmo.<\/span><\/p>\n<h2><b>La propuesta de escapada perfecta: Girona + Costa Brava<\/b><\/h2>\n<p><span style=\"font-weight: 400;\">Girona y la Costa Brava se encuentran a menos de 40 minutos en coche, de manera que puedes organizar una escapada de fin de semana o unos d\u00edas de vacaciones que combinen cultura, naturaleza y playa.<\/span><\/p>\n<p><b>Un ejemplo de fin de semana en familia:<\/b><\/p>\n<ul>\n<li style=\"font-weight: 400;\" aria-level=\"1\"><span style=\"font-weight: 400;\">Viernes por la tarde: Llegada al camping, instalaci\u00f3n y primer contacto con la Costa Brava. Playa, piscina y cena en familia.<\/span><\/li>\n<li style=\"font-weight: 400;\" aria-level=\"1\"><span style=\"font-weight: 400;\">S\u00e1bado: Ma\u00f1ana en Girona por las calles floridas del Barri Vell. Comida en el centro. Tarde libre en el camping. \u00a1&#8217;Flors de Nit&#8217; al atardecer!<\/span><\/li>\n<li style=\"font-weight: 400;\" aria-level=\"1\"><span style=\"font-weight: 400;\">Domingo: Ma\u00f1ana en Girona o excursi\u00f3n por la Costa Brava \u2014calas, Pals, Begur\u2014 antes de volver al camping.<\/span><\/li>\n<\/ul>\n<h2><b>D\u00f3nde alojarse<\/b><\/h2>\n<p>Si est\u00e1s pensando en hacer las maletas y disfrutar de la primavera gerundense, en nuestro portal encontrar\u00e1s\u00a0<a href=\"https:\/\/campingscat.com\/es\/campings\/?mt=1&amp;sort=defecte\" target=\"_blank\" rel=\"noopener noreferrer\">m\u00e1s de 50 campings situados en la Costa Brava<\/a>, cerca de donde se celebran estos festivales.<\/p>\n<h2><b>Consejos pr\u00e1cticos para vuestra visita<\/b><\/h2>\n<ul>\n<li style=\"font-weight: 400;\" aria-level=\"1\"><span style=\"font-weight: 400;\">Reservad el camping con antelaci\u00f3n: mayo es temporada alta en la Costa Brava.<\/span><\/li>\n<li style=\"font-weight: 400;\" aria-level=\"1\"><span style=\"font-weight: 400;\">Id a Girona por la ma\u00f1ana temprano o al atardecer para evitar las horas de mayor afluencia.<\/span><\/li>\n<li style=\"font-weight: 400;\" aria-level=\"1\"><span style=\"font-weight: 400;\">Llevad calzado c\u00f3modo: el Barri Vell tiene muchos desniveles y piedras.<\/span><\/li>\n<li style=\"font-weight: 400;\" aria-level=\"1\"><span style=\"font-weight: 400;\">Descargad el mapa oficial del festival en la web de Temps de Flors.<\/span><\/li>\n<li style=\"font-weight: 400;\" aria-level=\"1\"><span style=\"font-weight: 400;\">La entrada al festival es gratuita.<\/span><\/li>\n<\/ul>\n<h2><b>\u00a1Preparad vuestra escapada familiar!<\/b><\/h2>\n<p><span style=\"font-weight: 400;\">El Temps de Flors de Girona 2026 (del 9 al 17 de mayo) es una de esas experiencias que ninguna familia que ame Catalu\u00f1a deber\u00eda perderse. Y si lo combina\u00eds con unos d\u00edas de camping en la Costa Brava, ten\u00e9is todos los ingredientes para unas vacaciones en familia perfectas.<\/span><\/p>\n<p>&nbsp;<\/p>\n<p><span style=\"font-weight: 400;\">No esper\u00e9is al \u00faltimo momento. Consultad la disponibilidad de los campings y preparad la maleta. \u00a1La primavera os espera!<\/span><\/p>\n<p><a href=\"https:\/\/campingscat.com\/es\/newsletter-campings\/\" target=\"_blank\" rel=\"noopener\"><img fetchpriority=\"high\" decoding=\"async\" class=\" wp-image-6794 aligncenter\" src=\"https:\/\/campingscat.com\/blog\/wp-content\/uploads\/2021\/09\/si-te-ha-gustado-2.jpg\" alt=\"\" width=\"1003\" height=\"124\" srcset=\"https:\/\/campingscat.com\/blog\/wp-content\/uploads\/2021\/09\/si-te-ha-gustado-2.jpg 728w, https:\/\/campingscat.com\/blog\/wp-content\/uploads\/2021\/09\/si-te-ha-gustado-2-300x37.jpg 300w, https:\/\/campingscat.com\/blog\/wp-content\/uploads\/2021\/09\/si-te-ha-gustado-2-640x79.jpg 640w, https:\/\/campingscat.com\/blog\/wp-content\/uploads\/2021\/09\/si-te-ha-gustado-2-681x84.jpg 681w\" sizes=\"(max-width: 1003px) 100vw, 1003px\" \/><\/a><\/p>\n<\/div>\n","protected":false},"excerpt":{"rendered":"<p>Hay momentos que quedan grabados para siempre en la memoria de los ni\u00f1os. Im\u00e1genes que&hellip;<\/p>\n","protected":false},"author":3,"featured_media":7502,"comment_status":"closed","ping_status":"closed","sticky":false,"template":"","format":"standard","meta":{"footnotes":""},"categories":[301,295],"tags":[],"class_list":["post-7504","post","type-post","status-publish","format-standard","has-post-thumbnail","hentry","category-inspiracion","category-que-hacer"],"yoast_head":"<!-- This site is optimized with the Yoast SEO plugin v27.3 - https:\/\/yoast.com\/product\/yoast-seo-wordpress\/ -->\n<title>Primavera, Temps de Flors y fiesta en Gerona 2026 Blog Campingscat<\/title>\n<meta name=\"description\" content=\"Descubre el Temps de Flors de Girona 2026 y comb\u00ednalo con una escapada familiar a los mejores campings de la Costa Brava.\" \/>\n<meta name=\"robots\" content=\"index, follow, max-snippet:-1, max-image-preview:large, max-video-preview:-1\" \/>\n<link rel=\"canonical\" href=\"https:\/\/campingscat.com\/blog\/es\/primavera-temps-de-flors-y-fiesta-en-gerona-y-la-costa-brava\/\" \/>\n<meta property=\"og:locale\" content=\"es_ES\" \/>\n<meta property=\"og:type\" content=\"article\" \/>\n<meta property=\"og:title\" content=\"Primavera, Temps de Flors y fiesta en Gerona 2026 Blog Campingscat\" \/>\n<meta property=\"og:description\" content=\"Descubre el Temps de Flors de Girona 2026 y comb\u00ednalo con una escapada familiar a los mejores campings de la Costa Brava.\" \/>\n<meta property=\"og:url\" content=\"https:\/\/campingscat.com\/blog\/es\/primavera-temps-de-flors-y-fiesta-en-gerona-y-la-costa-brava\/\" \/>\n<meta property=\"og:site_name\" content=\"Blog Campingscat\" \/>\n<meta property=\"article:publisher\" content=\"https:\/\/www.facebook.com\/campingscat.campingsdecatalunya\/\" \/>\n<meta property=\"article:published_time\" content=\"2022-04-22T13:43:49+00:00\" \/>\n<meta property=\"article:modified_time\" content=\"2026-04-27T11:02:28+00:00\" \/>\n<meta property=\"og:image\" content=\"https:\/\/campingscat.com\/blog\/wp-content\/uploads\/2022\/04\/Girona.-Nuria-Fosas.-Arxiu-Imatges-PTCBG-bb.jpeg\" \/>\n\t<meta property=\"og:image:width\" content=\"1600\" \/>\n\t<meta property=\"og:image:height\" content=\"1066\" \/>\n\t<meta property=\"og:image:type\" content=\"image\/jpeg\" \/>\n<meta name=\"author\" content=\"Anna Frixach\" \/>\n<meta name=\"twitter:card\" content=\"summary_large_image\" \/>\n<meta name=\"twitter:creator\" content=\"@campingscat\" \/>\n<meta name=\"twitter:site\" content=\"@campingscat\" \/>\n<meta name=\"twitter:label1\" content=\"Escrito por\" \/>\n\t<meta name=\"twitter:data1\" content=\"Anna Frixach\" \/>\n\t<meta name=\"twitter:label2\" content=\"Tiempo de lectura\" \/>\n\t<meta name=\"twitter:data2\" content=\"4 minutos\" \/>\n<script type=\"application\/ld+json\" class=\"yoast-schema-graph\">{\"@context\":\"https:\\\/\\\/schema.org\",\"@graph\":[{\"@type\":\"Article\",\"@id\":\"https:\\\/\\\/campingscat.com\\\/blog\\\/es\\\/primavera-temps-de-flors-y-fiesta-en-gerona-y-la-costa-brava\\\/#article\",\"isPartOf\":{\"@id\":\"https:\\\/\\\/campingscat.com\\\/blog\\\/es\\\/primavera-temps-de-flors-y-fiesta-en-gerona-y-la-costa-brava\\\/\"},\"author\":{\"name\":\"Anna Frixach\",\"@id\":\"https:\\\/\\\/campingscat.com\\\/blog\\\/es\\\/#\\\/schema\\\/person\\\/69e03708da85dce2a83e29918b7d6860\"},\"headline\":\"Primavera, Temps de Flors y fiesta en Gerona 2026\",\"datePublished\":\"2022-04-22T13:43:49+00:00\",\"dateModified\":\"2026-04-27T11:02:28+00:00\",\"mainEntityOfPage\":{\"@id\":\"https:\\\/\\\/campingscat.com\\\/blog\\\/es\\\/primavera-temps-de-flors-y-fiesta-en-gerona-y-la-costa-brava\\\/\"},\"wordCount\":749,\"publisher\":{\"@id\":\"https:\\\/\\\/campingscat.com\\\/blog\\\/es\\\/#organization\"},\"image\":{\"@id\":\"https:\\\/\\\/campingscat.com\\\/blog\\\/es\\\/primavera-temps-de-flors-y-fiesta-en-gerona-y-la-costa-brava\\\/#primaryimage\"},\"thumbnailUrl\":\"https:\\\/\\\/campingscat.com\\\/blog\\\/wp-content\\\/uploads\\\/2022\\\/04\\\/Girona.-Nuria-Fosas.-Arxiu-Imatges-PTCBG-bb.jpeg\",\"articleSection\":[\"Inspiraci\u00f3n\",\"Qu\u00e9 hacer\"],\"inLanguage\":\"es\"},{\"@type\":\"WebPage\",\"@id\":\"https:\\\/\\\/campingscat.com\\\/blog\\\/es\\\/primavera-temps-de-flors-y-fiesta-en-gerona-y-la-costa-brava\\\/\",\"url\":\"https:\\\/\\\/campingscat.com\\\/blog\\\/es\\\/primavera-temps-de-flors-y-fiesta-en-gerona-y-la-costa-brava\\\/\",\"name\":\"Primavera, Temps de Flors y fiesta en Gerona 2026 Blog Campingscat\",\"isPartOf\":{\"@id\":\"https:\\\/\\\/campingscat.com\\\/blog\\\/es\\\/#website\"},\"primaryImageOfPage\":{\"@id\":\"https:\\\/\\\/campingscat.com\\\/blog\\\/es\\\/primavera-temps-de-flors-y-fiesta-en-gerona-y-la-costa-brava\\\/#primaryimage\"},\"image\":{\"@id\":\"https:\\\/\\\/campingscat.com\\\/blog\\\/es\\\/primavera-temps-de-flors-y-fiesta-en-gerona-y-la-costa-brava\\\/#primaryimage\"},\"thumbnailUrl\":\"https:\\\/\\\/campingscat.com\\\/blog\\\/wp-content\\\/uploads\\\/2022\\\/04\\\/Girona.-Nuria-Fosas.-Arxiu-Imatges-PTCBG-bb.jpeg\",\"datePublished\":\"2022-04-22T13:43:49+00:00\",\"dateModified\":\"2026-04-27T11:02:28+00:00\",\"description\":\"Descubre el Temps de Flors de Girona 2026 y comb\u00ednalo con una escapada familiar a los mejores campings de la Costa Brava.\",\"breadcrumb\":{\"@id\":\"https:\\\/\\\/campingscat.com\\\/blog\\\/es\\\/primavera-temps-de-flors-y-fiesta-en-gerona-y-la-costa-brava\\\/#breadcrumb\"},\"inLanguage\":\"es\",\"potentialAction\":[{\"@type\":\"ReadAction\",\"target\":[\"https:\\\/\\\/campingscat.com\\\/blog\\\/es\\\/primavera-temps-de-flors-y-fiesta-en-gerona-y-la-costa-brava\\\/\"]}]},{\"@type\":\"ImageObject\",\"inLanguage\":\"es\",\"@id\":\"https:\\\/\\\/campingscat.com\\\/blog\\\/es\\\/primavera-temps-de-flors-y-fiesta-en-gerona-y-la-costa-brava\\\/#primaryimage\",\"url\":\"https:\\\/\\\/campingscat.com\\\/blog\\\/wp-content\\\/uploads\\\/2022\\\/04\\\/Girona.-Nuria-Fosas.-Arxiu-Imatges-PTCBG-bb.jpeg\",\"contentUrl\":\"https:\\\/\\\/campingscat.com\\\/blog\\\/wp-content\\\/uploads\\\/2022\\\/04\\\/Girona.-Nuria-Fosas.-Arxiu-Imatges-PTCBG-bb.jpeg\",\"width\":1600,\"height\":1066,\"caption\":\"N\u00faria Fosas. Arxiu Imatges PTCBG\"},{\"@type\":\"BreadcrumbList\",\"@id\":\"https:\\\/\\\/campingscat.com\\\/blog\\\/es\\\/primavera-temps-de-flors-y-fiesta-en-gerona-y-la-costa-brava\\\/#breadcrumb\",\"itemListElement\":[{\"@type\":\"ListItem\",\"position\":1,\"name\":\"Inici\",\"item\":\"https:\\\/\\\/campingscat.com\\\/blog\\\/es\\\/\"},{\"@type\":\"ListItem\",\"position\":2,\"name\":\"Primavera, Temps de Flors y fiesta en Gerona 2026\"}]},{\"@type\":\"WebSite\",\"@id\":\"https:\\\/\\\/campingscat.com\\\/blog\\\/es\\\/#website\",\"url\":\"https:\\\/\\\/campingscat.com\\\/blog\\\/es\\\/\",\"name\":\"Blog Campingscat\",\"description\":\"Campings de Catalunya\",\"publisher\":{\"@id\":\"https:\\\/\\\/campingscat.com\\\/blog\\\/es\\\/#organization\"},\"potentialAction\":[{\"@type\":\"SearchAction\",\"target\":{\"@type\":\"EntryPoint\",\"urlTemplate\":\"https:\\\/\\\/campingscat.com\\\/blog\\\/es\\\/?s={search_term_string}\"},\"query-input\":{\"@type\":\"PropertyValueSpecification\",\"valueRequired\":true,\"valueName\":\"search_term_string\"}}],\"inLanguage\":\"es\"},{\"@type\":\"Organization\",\"@id\":\"https:\\\/\\\/campingscat.com\\\/blog\\\/es\\\/#organization\",\"name\":\"Blog Campings CAT\",\"url\":\"https:\\\/\\\/campingscat.com\\\/blog\\\/es\\\/\",\"logo\":{\"@type\":\"ImageObject\",\"inLanguage\":\"es\",\"@id\":\"https:\\\/\\\/campingscat.com\\\/blog\\\/es\\\/#\\\/schema\\\/logo\\\/image\\\/\",\"url\":\"https:\\\/\\\/campingscat.com\\\/blog\\\/wp-content\\\/uploads\\\/2020\\\/09\\\/logo-blog.png\",\"contentUrl\":\"https:\\\/\\\/campingscat.com\\\/blog\\\/wp-content\\\/uploads\\\/2020\\\/09\\\/logo-blog.png\",\"width\":272,\"height\":90,\"caption\":\"Blog Campings CAT\"},\"image\":{\"@id\":\"https:\\\/\\\/campingscat.com\\\/blog\\\/es\\\/#\\\/schema\\\/logo\\\/image\\\/\"},\"sameAs\":[\"https:\\\/\\\/www.facebook.com\\\/campingscat.campingsdecatalunya\\\/\",\"https:\\\/\\\/x.com\\\/campingscat\",\"https:\\\/\\\/www.instagram.com\\\/campingscat\\\/\"]},{\"@type\":\"Person\",\"@id\":\"https:\\\/\\\/campingscat.com\\\/blog\\\/es\\\/#\\\/schema\\\/person\\\/69e03708da85dce2a83e29918b7d6860\",\"name\":\"Anna Frixach\",\"description\":\"Apassionada del m\u00f3n del turisme. M'agrada dedicar-me a un sector que \\\"genera moments de felicitat\\\" a la gent.\",\"sameAs\":[\"https:\\\/\\\/campingscat.com\\\/blog\\\/wp-content\\\/uploads\\\/2020\\\/07\\\/anna_frixach-e1640365621369.png\"]}]}<\/script>\n<!-- \/ Yoast SEO plugin. -->","yoast_head_json":{"title":"Primavera, Temps de Flors y fiesta en Gerona 2026 Blog Campingscat","description":"Descubre el Temps de Flors de Girona 2026 y comb\u00ednalo con una escapada familiar a los mejores campings de la Costa Brava.","robots":{"index":"index","follow":"follow","max-snippet":"max-snippet:-1","max-image-preview":"max-image-preview:large","max-video-preview":"max-video-preview:-1"},"canonical":"https:\/\/campingscat.com\/blog\/es\/primavera-temps-de-flors-y-fiesta-en-gerona-y-la-costa-brava\/","og_locale":"es_ES","og_type":"article","og_title":"Primavera, Temps de Flors y fiesta en Gerona 2026 Blog Campingscat","og_description":"Descubre el Temps de Flors de Girona 2026 y comb\u00ednalo con una escapada familiar a los mejores campings de la Costa Brava.","og_url":"https:\/\/campingscat.com\/blog\/es\/primavera-temps-de-flors-y-fiesta-en-gerona-y-la-costa-brava\/","og_site_name":"Blog Campingscat","article_publisher":"https:\/\/www.facebook.com\/campingscat.campingsdecatalunya\/","article_published_time":"2022-04-22T13:43:49+00:00","article_modified_time":"2026-04-27T11:02:28+00:00","og_image":[{"width":1600,"height":1066,"url":"https:\/\/campingscat.com\/blog\/wp-content\/uploads\/2022\/04\/Girona.-Nuria-Fosas.-Arxiu-Imatges-PTCBG-bb.jpeg","type":"image\/jpeg"}],"author":"Anna Frixach","twitter_card":"summary_large_image","twitter_creator":"@campingscat","twitter_site":"@campingscat","twitter_misc":{"Escrito por":"Anna Frixach","Tiempo de lectura":"4 minutos"},"schema":{"@context":"https:\/\/schema.org","@graph":[{"@type":"Article","@id":"https:\/\/campingscat.com\/blog\/es\/primavera-temps-de-flors-y-fiesta-en-gerona-y-la-costa-brava\/#article","isPartOf":{"@id":"https:\/\/campingscat.com\/blog\/es\/primavera-temps-de-flors-y-fiesta-en-gerona-y-la-costa-brava\/"},"author":{"name":"Anna Frixach","@id":"https:\/\/campingscat.com\/blog\/es\/#\/schema\/person\/69e03708da85dce2a83e29918b7d6860"},"headline":"Primavera, Temps de Flors y fiesta en Gerona 2026","datePublished":"2022-04-22T13:43:49+00:00","dateModified":"2026-04-27T11:02:28+00:00","mainEntityOfPage":{"@id":"https:\/\/campingscat.com\/blog\/es\/primavera-temps-de-flors-y-fiesta-en-gerona-y-la-costa-brava\/"},"wordCount":749,"publisher":{"@id":"https:\/\/campingscat.com\/blog\/es\/#organization"},"image":{"@id":"https:\/\/campingscat.com\/blog\/es\/primavera-temps-de-flors-y-fiesta-en-gerona-y-la-costa-brava\/#primaryimage"},"thumbnailUrl":"https:\/\/campingscat.com\/blog\/wp-content\/uploads\/2022\/04\/Girona.-Nuria-Fosas.-Arxiu-Imatges-PTCBG-bb.jpeg","articleSection":["Inspiraci\u00f3n","Qu\u00e9 hacer"],"inLanguage":"es"},{"@type":"WebPage","@id":"https:\/\/campingscat.com\/blog\/es\/primavera-temps-de-flors-y-fiesta-en-gerona-y-la-costa-brava\/","url":"https:\/\/campingscat.com\/blog\/es\/primavera-temps-de-flors-y-fiesta-en-gerona-y-la-costa-brava\/","name":"Primavera, Temps de Flors y fiesta en Gerona 2026 Blog Campingscat","isPartOf":{"@id":"https:\/\/campingscat.com\/blog\/es\/#website"},"primaryImageOfPage":{"@id":"https:\/\/campingscat.com\/blog\/es\/primavera-temps-de-flors-y-fiesta-en-gerona-y-la-costa-brava\/#primaryimage"},"image":{"@id":"https:\/\/campingscat.com\/blog\/es\/primavera-temps-de-flors-y-fiesta-en-gerona-y-la-costa-brava\/#primaryimage"},"thumbnailUrl":"https:\/\/campingscat.com\/blog\/wp-content\/uploads\/2022\/04\/Girona.-Nuria-Fosas.-Arxiu-Imatges-PTCBG-bb.jpeg","datePublished":"2022-04-22T13:43:49+00:00","dateModified":"2026-04-27T11:02:28+00:00","description":"Descubre el Temps de Flors de Girona 2026 y comb\u00ednalo con una escapada familiar a los mejores campings de la Costa Brava.","breadcrumb":{"@id":"https:\/\/campingscat.com\/blog\/es\/primavera-temps-de-flors-y-fiesta-en-gerona-y-la-costa-brava\/#breadcrumb"},"inLanguage":"es","potentialAction":[{"@type":"ReadAction","target":["https:\/\/campingscat.com\/blog\/es\/primavera-temps-de-flors-y-fiesta-en-gerona-y-la-costa-brava\/"]}]},{"@type":"ImageObject","inLanguage":"es","@id":"https:\/\/campingscat.com\/blog\/es\/primavera-temps-de-flors-y-fiesta-en-gerona-y-la-costa-brava\/#primaryimage","url":"https:\/\/campingscat.com\/blog\/wp-content\/uploads\/2022\/04\/Girona.-Nuria-Fosas.-Arxiu-Imatges-PTCBG-bb.jpeg","contentUrl":"https:\/\/campingscat.com\/blog\/wp-content\/uploads\/2022\/04\/Girona.-Nuria-Fosas.-Arxiu-Imatges-PTCBG-bb.jpeg","width":1600,"height":1066,"caption":"N\u00faria Fosas. Arxiu Imatges PTCBG"},{"@type":"BreadcrumbList","@id":"https:\/\/campingscat.com\/blog\/es\/primavera-temps-de-flors-y-fiesta-en-gerona-y-la-costa-brava\/#breadcrumb","itemListElement":[{"@type":"ListItem","position":1,"name":"Inici","item":"https:\/\/campingscat.com\/blog\/es\/"},{"@type":"ListItem","position":2,"name":"Primavera, Temps de Flors y fiesta en Gerona 2026"}]},{"@type":"WebSite","@id":"https:\/\/campingscat.com\/blog\/es\/#website","url":"https:\/\/campingscat.com\/blog\/es\/","name":"Blog Campingscat","description":"Campings de Catalunya","publisher":{"@id":"https:\/\/campingscat.com\/blog\/es\/#organization"},"potentialAction":[{"@type":"SearchAction","target":{"@type":"EntryPoint","urlTemplate":"https:\/\/campingscat.com\/blog\/es\/?s={search_term_string}"},"query-input":{"@type":"PropertyValueSpecification","valueRequired":true,"valueName":"search_term_string"}}],"inLanguage":"es"},{"@type":"Organization","@id":"https:\/\/campingscat.com\/blog\/es\/#organization","name":"Blog Campings CAT","url":"https:\/\/campingscat.com\/blog\/es\/","logo":{"@type":"ImageObject","inLanguage":"es","@id":"https:\/\/campingscat.com\/blog\/es\/#\/schema\/logo\/image\/","url":"https:\/\/campingscat.com\/blog\/wp-content\/uploads\/2020\/09\/logo-blog.png","contentUrl":"https:\/\/campingscat.com\/blog\/wp-content\/uploads\/2020\/09\/logo-blog.png","width":272,"height":90,"caption":"Blog Campings CAT"},"image":{"@id":"https:\/\/campingscat.com\/blog\/es\/#\/schema\/logo\/image\/"},"sameAs":["https:\/\/www.facebook.com\/campingscat.campingsdecatalunya\/","https:\/\/x.com\/campingscat","https:\/\/www.instagram.com\/campingscat\/"]},{"@type":"Person","@id":"https:\/\/campingscat.com\/blog\/es\/#\/schema\/person\/69e03708da85dce2a83e29918b7d6860","name":"Anna Frixach","description":"Apassionada del m\u00f3n del turisme. M'agrada dedicar-me a un sector que \"genera moments de felicitat\" a la gent.","sameAs":["https:\/\/campingscat.com\/blog\/wp-content\/uploads\/2020\/07\/anna_frixach-e1640365621369.png"]}]}},"_links":{"self":[{"href":"https:\/\/campingscat.com\/blog\/es\/wp-json\/wp\/v2\/posts\/7504","targetHints":{"allow":["GET"]}}],"collection":[{"href":"https:\/\/campingscat.com\/blog\/es\/wp-json\/wp\/v2\/posts"}],"about":[{"href":"https:\/\/campingscat.com\/blog\/es\/wp-json\/wp\/v2\/types\/post"}],"author":[{"embeddable":true,"href":"https:\/\/campingscat.com\/blog\/es\/wp-json\/wp\/v2\/users\/3"}],"replies":[{"embeddable":true,"href":"https:\/\/campingscat.com\/blog\/es\/wp-json\/wp\/v2\/comments?post=7504"}],"version-history":[{"count":7,"href":"https:\/\/campingscat.com\/blog\/es\/wp-json\/wp\/v2\/posts\/7504\/revisions"}],"predecessor-version":[{"id":16331,"href":"https:\/\/campingscat.com\/blog\/es\/wp-json\/wp\/v2\/posts\/7504\/revisions\/16331"}],"wp:featuredmedia":[{"embeddable":true,"href":"https:\/\/campingscat.com\/blog\/es\/wp-json\/wp\/v2\/media\/7502"}],"wp:attachment":[{"href":"https:\/\/campingscat.com\/blog\/es\/wp-json\/wp\/v2\/media?parent=7504"}],"wp:term":[{"taxonomy":"category","embeddable":true,"href":"https:\/\/campingscat.com\/blog\/es\/wp-json\/wp\/v2\/categories?post=7504"},{"taxonomy":"post_tag","embeddable":true,"href":"https:\/\/campingscat.com\/blog\/es\/wp-json\/wp\/v2\/tags?post=7504"}],"curies":[{"name":"wp","href":"https:\/\/api.w.org\/{rel}","templated":true}]}}