{"id":8298,"date":"2026-08-19T14:30:38","date_gmt":"2026-08-19T12:30:38","guid":{"rendered":"https:\/\/campingscat.com\/blog\/sense-categoria\/campings-con-disponibilidad-para-agosto-en-cataluna\/"},"modified":"2026-08-20T11:44:52","modified_gmt":"2026-08-20T09:44:52","slug":"campings-amb-disponibilitat-per-agost-a-catalunya","status":"publish","type":"post","link":"https:\/\/campingscat.com\/blog\/ca\/campings-amb-disponibilitat-per-agost-a-catalunya\/","title":{"rendered":"C\u00e0mpings amb disponibilitat per agost a Catalunya"},"content":{"rendered":"<script>const cc_search_query = \"\";<\/script><p class=\"isSelectedEnd\">Si encara no has decidit on passar les vacances d&#8217;estiu, tenim una bona not\u00edcia: encara hi ha c\u00e0mpings associats a<strong> CampingsCat.com<\/strong> que encara <strong>tenen disponibilitat a l\u2019agost.<\/strong><\/p>\n<p class=\"isSelectedEnd\">Ja sigui per gaudir d&#8217;uns dies a la platja, desconnectar en plena natura o descobrir nous racons de Catalunya, encara pots trobar opcions per viure unes vacances inoblidables.<\/p>\n<p>A continuaci\u00f3 et mostrem alguns dels c\u00e0mpings que, en aquests moments, encara disposen de places disponibles. Recorda que la disponibilitat \u00e9s limitada i pot variar d&#8217;un dia per l&#8217;altre, aix\u00ed que et recomanem consultar la fitxa de cada c\u00e0mping per obtenir la informaci\u00f3 m\u00e9s actualitzada.<\/p>\n<h3>C\u00e0mping La Torre del Sol (Mont-roig del Camp)<\/h3>\n<p><img fetchpriority=\"high\" decoding=\"async\" class=\"aligncenter size-large wp-image-17239\" src=\"https:\/\/campingscat.com\/blog\/wp-content\/uploads\/2026\/07\/Camping-La-Torre-del-Sol-1024x681.jpg\" alt=\"\" width=\"1024\" height=\"681\" srcset=\"https:\/\/campingscat.com\/blog\/wp-content\/uploads\/2026\/07\/Camping-La-Torre-del-Sol-1024x681.jpg 1024w, https:\/\/campingscat.com\/blog\/wp-content\/uploads\/2026\/07\/Camping-La-Torre-del-Sol-300x199.jpg 300w, https:\/\/campingscat.com\/blog\/wp-content\/uploads\/2026\/07\/Camping-La-Torre-del-Sol-768x510.jpg 768w, https:\/\/campingscat.com\/blog\/wp-content\/uploads\/2026\/07\/Camping-La-Torre-del-Sol-370x246.jpg 370w, https:\/\/campingscat.com\/blog\/wp-content\/uploads\/2026\/07\/Camping-La-Torre-del-Sol-770x512.jpg 770w, https:\/\/campingscat.com\/blog\/wp-content\/uploads\/2026\/07\/Camping-La-Torre-del-Sol.jpg 1354w\" sizes=\"(max-width: 1024px) 100vw, 1024px\" \/><\/p>\n<p><a href=\"https:\/\/campingscat.com\/ca\/costa-daurada\/camping-la-torre-del-sol\/web\" target=\"_blank\" rel=\"noopener\">VEURE WEB<\/a><\/p>\n<p class=\"PDq2pG_selectionAnchorContainer\" data-start=\"229\" data-end=\"465\">Situat a <strong data-start=\"613\" data-end=\"635\">Mont-roig del Camp<\/strong>, el C\u00e0mping &amp; Resort La Torre del Sol \u00e9s un c\u00e0mping davant del mar amb <strong data-start=\"707\" data-end=\"736\">acc\u00e9s directe a la platja<\/strong>, grans zones verdes i una \u00e0mplia oferta d\u2019allotjaments i serveis per gaudir de les vacances d\u2019estiu en fam\u00edlia. Disposa d\u2019opcions com <strong data-start=\"871\" data-end=\"932\">mobilhomes, bungalows, allotjaments equipats i parcel\u00b7les<\/strong> en un entorn privilegiat de la Costa Daurada.<\/p>\n<h3 data-section-id=\"kv1867\" data-start=\"467\" data-end=\"499\">\ud83d\udcc5 Disponibilitat agost 2026<\/h3>\n<p class=\"PDq2pG_selectionAnchorContainer\" data-start=\"1067\" data-end=\"1099\">\ud83c\udfe1 <strong data-start=\"1070\" data-end=\"1099\">Mobilhomes i allotjaments<\/strong><\/p>\n<p data-start=\"1101\" data-end=\"1437\">\u2714\ufe0f Diferents tipus d\u2019allotjament adaptats a fam\u00edlies i parelles.<br data-start=\"1165\" data-end=\"1168\" \/>\u2714\ufe0f Capacitat segons categoria d\u2019allotjament, amb opcions per a diferents necessitats.<br data-start=\"1253\" data-end=\"1256\" \/>\u2714\ufe0f Allotjaments equipats amb cuina, bany i terrassa segons modalitat.<br data-start=\"1325\" data-end=\"1328\" \/>\u2714\ufe0f Algunes opcions disposen d\u2019aire condicionat.<br data-start=\"1375\" data-end=\"1378\" \/>\u2714\ufe0f Estada m\u00ednima: segons allotjament i dates seleccionades.<\/p>\n<p data-start=\"1439\" data-end=\"1492\">\ud83d\udcc5 <strong data-start=\"1442\" data-end=\"1492\">Disponibilitat durant diferents dates d&#8217;agost.<\/strong><\/p>\n<p data-start=\"1494\" data-end=\"1510\">\u26fa <strong data-start=\"1496\" data-end=\"1510\">Parcel\u00b7les<\/strong><\/p>\n<p data-start=\"1512\" data-end=\"1911\">\u2714\ufe0f Parcel\u00b7les disponibles per a <strong data-start=\"1544\" data-end=\"1581\">tendes, caravanes i autocaravanes<\/strong>.<br data-start=\"1582\" data-end=\"1585\" \/>\u2714\ufe0f Parcel\u00b7les \u00e0mplies amb connexi\u00f3 el\u00e8ctrica segons categoria.<br data-start=\"1647\" data-end=\"1650\" \/>\u2714\ufe0f Opcions com parcel\u00b7les Standard amb aproximadament <strong data-start=\"1704\" data-end=\"1734\">72 m\u00b2 + electricitat de 6A<\/strong>.<br data-start=\"1735\" data-end=\"1738\" \/>\u2714\ufe0f Tarifes i condicions espec\u00edfiques segons dates de temporada alta. <br data-start=\"1844\" data-end=\"1847\" \/>\u2714\ufe0f Estada m\u00ednima: segons disponibilitat i condicions de reserva.<\/p>\n<p data-start=\"1913\" data-end=\"1974\">\ud83d\udcc5 <strong data-start=\"1916\" data-end=\"1974\">Encara queden dates disponibles durant el mes d\u2019agost.<\/strong><\/p>\n<h3 data-start=\"1913\" data-end=\"1974\">C\u00e0mping Joan Bungalow Park (Cambrils)<\/h3>\n<p><img decoding=\"async\" class=\"aligncenter wp-image-18415 size-large\" src=\"https:\/\/campingscat.com\/blog\/wp-content\/uploads\/2026\/07\/158841144416122-1024x768.jpg\" alt=\"\" width=\"1024\" height=\"768\" srcset=\"https:\/\/campingscat.com\/blog\/wp-content\/uploads\/2026\/07\/158841144416122-1024x768.jpg 1024w, https:\/\/campingscat.com\/blog\/wp-content\/uploads\/2026\/07\/158841144416122-300x225.jpg 300w, https:\/\/campingscat.com\/blog\/wp-content\/uploads\/2026\/07\/158841144416122-768x576.jpg 768w, https:\/\/campingscat.com\/blog\/wp-content\/uploads\/2026\/07\/158841144416122-1536x1152.jpg 1536w, https:\/\/campingscat.com\/blog\/wp-content\/uploads\/2026\/07\/158841144416122-370x278.jpg 370w, https:\/\/campingscat.com\/blog\/wp-content\/uploads\/2026\/07\/158841144416122-770x578.jpg 770w, https:\/\/campingscat.com\/blog\/wp-content\/uploads\/2026\/07\/158841144416122.jpg 1920w\" sizes=\"(max-width: 1024px) 100vw, 1024px\" \/><\/p>\n<p><a href=\"https:\/\/campingscat.com\/ca\/costa-daurada\/camping-joan-bungalow-park\/web\" target=\"_blank\" rel=\"noopener\">VEURE WEB<\/a><\/p>\n<p class=\"isSelectedEnd\">Situat a <strong>primera l\u00ednia de mar a Cambrils<\/strong>, amb acc\u00e9s directe a la platja i al passeig mar\u00edtim, el <strong>C\u00e0mping Joan<\/strong> \u00e9s una opci\u00f3 ideal per gaudir d\u2019unes vacances en fam\u00edlia a la Costa Daurada. Disposa de <strong>bungalows, mobil-homes, apartaments i parcel\u00b7les<\/strong>, en un entorn tranquil i amb una gran varietat de serveis i activitats.<\/p>\n<h3>\ud83d\udcc5 Disponibilitat agost 2026<\/h3>\n<p class=\"isSelectedEnd\">\ud83c\udfe1 <strong>Bungalows<\/strong><\/p>\n<p class=\"isSelectedEnd\">\u2714\ufe0f Diferents tipus de bungalows de fusta amb capacitats de <strong>2 a 6 persones<\/strong>.<br \/>\n\u2714\ufe0f Opcions amb diferents distribucions i equipaments, adaptades a fam\u00edlies i parelles.<br \/>\n\u2714\ufe0f Alguns allotjaments estan situats en zones tranquil\u00b7les i altres en <strong>primera l\u00ednia de platja<\/strong>.<br \/>\n\u2714\ufe0f Tots els allotjaments disposen d\u2019aire condicionat.<\/p>\n<p class=\"isSelectedEnd\">\ud83d\udcc5 <strong>Disponibilitat del 20 al 31 d\u2019agost.<\/strong><\/p>\n<p class=\"isSelectedEnd\">\u26fa <strong>Parcel\u00b7les<\/strong><\/p>\n<p class=\"isSelectedEnd\">\u2714\ufe0f Parcel\u00b7les de diferents tipus i dimensions, des de parcel\u00b7les est\u00e0ndard de <strong>30-50 m\u00b2<\/strong> fins a parcel\u00b7les de <strong>50-70 m\u00b2<\/strong>.<br \/>\n\u2714\ufe0f Opcions per a <strong>tendes, caravanes, autocaravanes i campers<\/strong>, segons el tipus de parcel\u00b7la.<br \/>\n\u2714\ufe0f Algunes parcel\u00b7les disposen de <strong>presa d\u2019aigua, desgu\u00e0s i pot\u00e8ncia el\u00e8ctrica extra<\/strong>.<br \/>\n\u2714\ufe0f S\u2019admeten mascotes a les parcel\u00b7les.<\/p>\n<p class=\"isSelectedEnd\">\ud83d\udcc5 <strong>Disponibilitat del 20 al 31 d\u2019agost.<\/strong><\/p>\n<h3>C\u00e0mping Cal Parad\u00eds (Salo)<\/h3>\n<p><img decoding=\"async\" class=\"aligncenter wp-image-18406 size-large\" src=\"https:\/\/campingscat.com\/blog\/wp-content\/uploads\/2026\/07\/cal-paradis-1024x683.jpg\" alt=\"\" width=\"1024\" height=\"683\" srcset=\"https:\/\/campingscat.com\/blog\/wp-content\/uploads\/2026\/07\/cal-paradis-1024x683.jpg 1024w, https:\/\/campingscat.com\/blog\/wp-content\/uploads\/2026\/07\/cal-paradis-300x200.jpg 300w, https:\/\/campingscat.com\/blog\/wp-content\/uploads\/2026\/07\/cal-paradis-768x512.jpg 768w, https:\/\/campingscat.com\/blog\/wp-content\/uploads\/2026\/07\/cal-paradis-370x247.jpg 370w, https:\/\/campingscat.com\/blog\/wp-content\/uploads\/2026\/07\/cal-paradis-770x513.jpg 770w, https:\/\/campingscat.com\/blog\/wp-content\/uploads\/2026\/07\/cal-paradis.jpg 1350w\" sizes=\"(max-width: 1024px) 100vw, 1024px\" \/><\/p>\n<p><a href=\"https:\/\/campingscat.com\/ca\/paisatges-barcelona\/camping-cal-paradis\/web\" target=\"_blank\" rel=\"noopener\">VEURE WEB<\/a><\/p>\n<p class=\"isSelectedEnd\">Situat en un entorn natural i tranquil de Catalunya, el <strong>C\u00e0mping Cal Parad\u00eds<\/strong> \u00e9s una opci\u00f3 ideal per desconnectar, gaudir de la natura i passar uns dies en fam\u00edlia. Disposa de <strong>bungalows i parcel\u00b7les<\/strong> en un entorn acollidor i familiar.<\/p>\n<h3>\ud83d\udcc5 Disponibilitat agost 2026<\/h3>\n<p class=\"isSelectedEnd\">\ud83c\udfe1 <strong>Bungalow L\u2019\u00d2liba<\/strong><\/p>\n<p class=\"isSelectedEnd\">\u2714\ufe0f Bungalow amb capacitat per a <strong>2 a 5 persones<\/strong>.<br \/>\n\u2714\ufe0f Disposa de dues habitacions, una amb llit de matrimoni i una altra amb tres llits individuals.<br \/>\n\u2714\ufe0f Equipat amb <strong>cuina, microones, aire condicionat, calefacci\u00f3, televisi\u00f3 i Wi-Fi<\/strong>.<br \/>\n\u2714\ufe0f Disposa de <strong>terrassa i WC privat<\/strong>.<br \/>\n\u2714\ufe0f Estada ideal per a fam\u00edlies que busquen comoditat en plena natura.<\/p>\n<p class=\"isSelectedEnd\">\ud83d\udcc5 <strong>Disponibilitat del 25 al 28 d\u2019agost (3 nits).<\/strong><\/p>\n<h3>C\u00e0mping Interpals Eco Resort (Pals)<\/h3>\n<p><img loading=\"lazy\" decoding=\"async\" class=\"aligncenter wp-image-18425 size-large\" src=\"https:\/\/campingscat.com\/blog\/wp-content\/uploads\/2026\/07\/camping-interpals-1024x600.jpg\" alt=\"\" width=\"1024\" height=\"600\" srcset=\"https:\/\/campingscat.com\/blog\/wp-content\/uploads\/2026\/07\/camping-interpals-1024x600.jpg 1024w, https:\/\/campingscat.com\/blog\/wp-content\/uploads\/2026\/07\/camping-interpals-300x176.jpg 300w, https:\/\/campingscat.com\/blog\/wp-content\/uploads\/2026\/07\/camping-interpals-768x450.jpg 768w, https:\/\/campingscat.com\/blog\/wp-content\/uploads\/2026\/07\/camping-interpals-370x217.jpg 370w, https:\/\/campingscat.com\/blog\/wp-content\/uploads\/2026\/07\/camping-interpals-770x451.jpg 770w, https:\/\/campingscat.com\/blog\/wp-content\/uploads\/2026\/07\/camping-interpals.jpg 1535w\" sizes=\"(max-width: 1024px) 100vw, 1024px\" \/><\/p>\n<p><a href=\"https:\/\/campingscat.com\/ca\/costa-brava\/camping-interpals-eco-resort\/web\" target=\"_blank\" rel=\"noopener\">VEURE WEB<\/a><\/p>\n<p class=\"isSelectedEnd\">Situat en un entorn privilegiat de la Costa Brava, el <strong>C\u00e0mping Interpals Eco Resort<\/strong> ofereix diferents opcions d\u2019allotjament per gaudir d\u2019una estada en plena natura, amb propostes adaptades tant per a parelles com per a fam\u00edlies.<\/p>\n<h3>\ud83d\udcc5 Disponibilitat agost 2026<\/h3>\n<p class=\"isSelectedEnd\">\u26fa <strong>Tenda Canad\u00e0<\/strong><\/p>\n<p class=\"isSelectedEnd\">\u2714\ufe0f Una opci\u00f3 ideal per gaudir de l\u2019experi\u00e8ncia del c\u00e0mping amb comoditat i en contacte amb la natura.<\/p>\n<p class=\"isSelectedEnd\">\ud83d\udcc5 <strong>Disponibilitat del 21 al 23 d\u2019agost (2 nits).<\/strong><\/p>\n<p class=\"isSelectedEnd\">\ud83c\udfe1 <strong>Bungalow Garb\u00ed<\/strong><\/p>\n<p class=\"isSelectedEnd\">\u2714\ufe0f Allotjament ideal per a fam\u00edlies que busquen comoditat durant la seva estada.<\/p>\n<p class=\"isSelectedEnd\">\ud83d\udcc5 <strong>Disponibilitat del 28 d\u2019agost a l\u20191 de setembre (4 nits).<\/strong><\/p>\n<p class=\"isSelectedEnd\">\u26fa <strong>Tenda Medes<\/strong><\/p>\n<p class=\"isSelectedEnd\">\u2714\ufe0f Una opci\u00f3 perfecta per gaudir d\u2019una estada en plena natura i viure l\u2019experi\u00e8ncia del c\u00e0mping.<\/p>\n<p class=\"isSelectedEnd\">\ud83d\udcc5 <strong>Disponibilitat del 23 al 25 d\u2019agost (2 nits).<\/strong><\/p>\n<h3>C\u00e0mping Las Palmeras (Tarragona)<\/h3>\n<p><img loading=\"lazy\" decoding=\"async\" class=\"aligncenter wp-image-17426 size-large\" src=\"https:\/\/campingscat.com\/blog\/wp-content\/uploads\/2026\/07\/Las-palmeras-1024x683.jpg\" alt=\"\" width=\"1024\" height=\"683\" srcset=\"https:\/\/campingscat.com\/blog\/wp-content\/uploads\/2026\/07\/Las-palmeras-1024x683.jpg 1024w, https:\/\/campingscat.com\/blog\/wp-content\/uploads\/2026\/07\/Las-palmeras-300x200.jpg 300w, https:\/\/campingscat.com\/blog\/wp-content\/uploads\/2026\/07\/Las-palmeras-768x512.jpg 768w, https:\/\/campingscat.com\/blog\/wp-content\/uploads\/2026\/07\/Las-palmeras-370x247.jpg 370w, https:\/\/campingscat.com\/blog\/wp-content\/uploads\/2026\/07\/Las-palmeras-770x513.jpg 770w, https:\/\/campingscat.com\/blog\/wp-content\/uploads\/2026\/07\/Las-palmeras.jpg 1350w\" sizes=\"(max-width: 1024px) 100vw, 1024px\" \/><\/p>\n<p><a href=\"https:\/\/campingscat.com\/ca\/costa-daurada\/camping-las-palmeras\/web\" target=\"_blank\" rel=\"noopener\">VEURE WEB<\/a><\/p>\n<p class=\"PDq2pG_selectionAnchorContainer\" data-start=\"218\" data-end=\"622\">Situat davant de la <strong data-start=\"645\" data-end=\"675\">Platja Llarga de Tarragona<\/strong>, amb acc\u00e9s directe al mar i al costat del <strong data-start=\"718\" data-end=\"758\">Parc Natural del Bosc de la Marquesa<\/strong>, el C\u00e0mping Las Palmeras \u00e9s una opci\u00f3 ideal per gaudir d\u2019unes vacances en fam\u00edlia combinant platja, natura i serveis. Disposa de <strong data-start=\"888\" data-end=\"925\">mobilhomes, glamping i parcel\u00b7les<\/strong> en un entorn privilegiat de la Costa Daurada.<\/p>\n<h3 class=\"PDq2pG_selectionAnchorContainer\" data-section-id=\"kv1867\" data-start=\"1026\" data-end=\"1058\">\ud83d\udcc5 Disponibilitat agost 2026<\/h3>\n<p data-start=\"1060\" data-end=\"1088\">\ud83c\udfe1 <strong data-start=\"1063\" data-end=\"1088\">Mobilhomes i glamping<\/strong><\/p>\n<p data-start=\"1090\" data-end=\"1397\">\u2714\ufe0f Diferents tipus d\u2019allotjament adaptats a diferents necessitats.<br data-start=\"1156\" data-end=\"1159\" \/>\u2714\ufe0f Mobilhomes situats a prop de la Platja Llarga i dels serveis principals del c\u00e0mping.<br data-start=\"1246\" data-end=\"1249\" \/>\u2714\ufe0f Opcions d\u2019allotjament pensades per a fam\u00edlies que busquen comoditat a prop del mar.<br data-start=\"1335\" data-end=\"1338\" \/>\u2714\ufe0f Estada m\u00ednima: segons allotjament i dates seleccionades.<\/p>\n<p data-start=\"1399\" data-end=\"1490\">\ud83d\udcc5 <strong data-start=\"1402\" data-end=\"1452\">Disponibilitat durant diferents dates d&#8217;agost.<\/strong><\/p>\n<p data-start=\"1492\" data-end=\"1508\">\u26fa <strong data-start=\"1494\" data-end=\"1508\">Parcel\u00b7les<\/strong><\/p>\n<p data-start=\"1510\" data-end=\"1810\">\u2714\ufe0f Parcel\u00b7les disponibles per a <strong data-start=\"1542\" data-end=\"1579\">tendes, caravanes i autocaravanes<\/strong>.<br data-start=\"1580\" data-end=\"1583\" \/>\u2714\ufe0f Espais envoltats de natura i situats a poca dist\u00e0ncia de la platja.<br data-start=\"1653\" data-end=\"1656\" \/>\u2714\ufe0f Opci\u00f3 ideal per als amants de l\u2019acampada que volen gaudir d\u2019un c\u00e0mping davant del mar.<br data-start=\"1745\" data-end=\"1748\" \/>\u2714\ufe0f Estada m\u00ednima: segons disponibilitat i dates seleccionades.<\/p>\n<p data-start=\"1812\" data-end=\"1911\">\ud83d\udcc5 <strong data-start=\"1815\" data-end=\"1873\">Encara queden dates disponibles durant el mes d\u2019agost.<\/strong><\/p>\n<h3>C\u00e0mping Mas Patoxas (Pals)<\/h3>\n<p><img loading=\"lazy\" decoding=\"async\" class=\"aligncenter size-large wp-image-17256\" src=\"https:\/\/campingscat.com\/blog\/wp-content\/uploads\/2026\/07\/Mas-Patoxas-1024x680.jpg\" alt=\"\" width=\"1024\" height=\"680\" srcset=\"https:\/\/campingscat.com\/blog\/wp-content\/uploads\/2026\/07\/Mas-Patoxas-1024x680.jpg 1024w, https:\/\/campingscat.com\/blog\/wp-content\/uploads\/2026\/07\/Mas-Patoxas-300x199.jpg 300w, https:\/\/campingscat.com\/blog\/wp-content\/uploads\/2026\/07\/Mas-Patoxas-768x510.jpg 768w, https:\/\/campingscat.com\/blog\/wp-content\/uploads\/2026\/07\/Mas-Patoxas-1536x1020.jpg 1536w, https:\/\/campingscat.com\/blog\/wp-content\/uploads\/2026\/07\/Mas-Patoxas-2048x1360.jpg 2048w, https:\/\/campingscat.com\/blog\/wp-content\/uploads\/2026\/07\/Mas-Patoxas-370x246.jpg 370w, https:\/\/campingscat.com\/blog\/wp-content\/uploads\/2026\/07\/Mas-Patoxas-770x511.jpg 770w\" sizes=\"(max-width: 1024px) 100vw, 1024px\" \/><\/p>\n<p>Situat a <strong data-start=\"401\" data-end=\"435\">Pals, al cor de la Costa Brava<\/strong>, el C\u00e0mping Mas Patoxas \u00e9s un c\u00e0mping familiar envoltat de natura, ideal per gaudir d\u2019unes vacances en fam\u00edlia amb una gran varietat d\u2019allotjaments i parcel\u00b7les. Disposa de <strong data-start=\"609\" data-end=\"668\">bungalows, mobilhomes, glamping i parcel\u00b7les d\u2019acampada<\/strong> per adaptar-se a diferents tipus de viatgers.<\/p>\n<p><a href=\"https:\/\/campingscat.com\/ca\/costa-brava\/camping-mas-patoxas\/web\" target=\"_blank\" rel=\"noopener\">VEURE WEB<\/a><\/p>\n<h3 class=\"PDq2pG_selectionAnchorContainer\" data-section-id=\"kv1867\" data-start=\"769\" data-end=\"801\">\ud83d\udcc5 Disponibilitat agost 2026<\/h3>\n<p data-start=\"803\" data-end=\"842\">\ud83c\udfe1 <strong data-start=\"806\" data-end=\"842\">Bungalows, mobilhomes i glamping<\/strong><\/p>\n<p data-start=\"844\" data-end=\"1277\">\u2714\ufe0f Diferents tipus d\u2019allotjament segons les necessitats de cada fam\u00edlia.<br data-start=\"916\" data-end=\"919\" \/>\u2714\ufe0f Capacitat: fins a <strong data-start=\"940\" data-end=\"954\">6 persones<\/strong> segons categoria d\u2019allotjament.<br data-start=\"986\" data-end=\"989\" \/>\u2714\ufe0f Opcions com bungalows, mobilhomes i glamping en plena natura.<br data-start=\"1053\" data-end=\"1056\" \/>\u2714\ufe0f Alguns allotjaments disposen d\u2019aire condicionat (Bungalows Quermany i Morea, Mobilehomes Bali i Confort).<br data-start=\"1165\" data-end=\"1168\" \/>\u2714\ufe0f Estada m\u00ednima: <strong data-start=\"1186\" data-end=\"1238\">7 nits durant la temporada alta (juliol i agost)<\/strong>.<\/p>\n<p data-start=\"1279\" data-end=\"1332\">\ud83d\udcc5 <strong data-start=\"1282\" data-end=\"1332\">Disponibilitat durant diferents dates d&#8217;agost.<\/strong><\/p>\n<p data-start=\"1334\" data-end=\"1350\">\u26fa <strong data-start=\"1336\" data-end=\"1350\">Parcel\u00b7les<\/strong><\/p>\n<p data-start=\"1352\" data-end=\"1778\">\u2714\ufe0f Parcel\u00b7les per a <strong data-start=\"1372\" data-end=\"1409\">tendes, caravanes i autocaravanes<\/strong>.<br data-start=\"1410\" data-end=\"1413\" \/>\u2714\ufe0f Parcel\u00b7les de <strong data-start=\"1430\" data-end=\"1442\">70-76 m\u00b2<\/strong> amb ombra, electricitat de 6 amperes i connexi\u00f3 d\u2019aigua.<br data-start=\"1499\" data-end=\"1502\" \/>\u2714\ufe0f Capacitat: de <strong data-start=\"1519\" data-end=\"1551\">2 a 6 persones per parcel\u00b7la<\/strong>.<br data-start=\"1552\" data-end=\"1555\" \/>\u2714\ufe0f Espais amplis envoltats de natura, ideals per gaudir de l\u2019acampada a la Costa Brava.<br data-start=\"1642\" data-end=\"1645\" \/>\u2714\ufe0f Estada m\u00ednima: <strong data-start=\"1663\" data-end=\"1704\">no hi ha m\u00ednim d\u2019estada en parcel\u00b7les<\/strong>, segons les condicions del c\u00e0mping.<\/p>\n<p data-start=\"1780\" data-end=\"1841\">\ud83d\udcc5 <strong data-start=\"1783\" data-end=\"1841\">Encara queden dates disponibles durant el mes d\u2019agost.<\/strong><\/p>\n<h3>C\u00e0mping N\u00e0utic Almata (Castell\u00f3 d\u2019Emp\u00faries)<\/h3>\n<p><img loading=\"lazy\" decoding=\"async\" class=\"aligncenter size-large wp-image-17260\" src=\"https:\/\/campingscat.com\/blog\/wp-content\/uploads\/2026\/07\/Almata-1-1024x683.jpg\" alt=\"\" width=\"1024\" height=\"683\" srcset=\"https:\/\/campingscat.com\/blog\/wp-content\/uploads\/2026\/07\/Almata-1-1024x683.jpg 1024w, https:\/\/campingscat.com\/blog\/wp-content\/uploads\/2026\/07\/Almata-1-300x200.jpg 300w, https:\/\/campingscat.com\/blog\/wp-content\/uploads\/2026\/07\/Almata-1-768x512.jpg 768w, https:\/\/campingscat.com\/blog\/wp-content\/uploads\/2026\/07\/Almata-1-370x247.jpg 370w, https:\/\/campingscat.com\/blog\/wp-content\/uploads\/2026\/07\/Almata-1-770x513.jpg 770w, https:\/\/campingscat.com\/blog\/wp-content\/uploads\/2026\/07\/Almata-1.jpg 1350w\" sizes=\"(max-width: 1024px) 100vw, 1024px\" \/><\/p>\n<p>Situat entre el <strong data-start=\"482\" data-end=\"505\">mar i el riu Fluvi\u00e0<\/strong>, dins del <strong data-start=\"516\" data-end=\"561\">Parc Natural dels Aiguamolls de l\u2019Empord\u00e0<\/strong>, el C\u00e0mping N\u00e0utic Almata \u00e9s un c\u00e0mping familiar de la Costa Brava amb acc\u00e9s directe a una platja de sorra fina. Disposa d\u2019una gran varietat d\u2019opcions d\u2019allotjament, com <strong data-start=\"732\" data-end=\"780\">bungalows, mobilhomes, glamping i parcel\u00b7les<\/strong>, en un entorn natural privilegiat.<\/p>\n<p><a href=\"https:\/\/campingscat.com\/ca\/costa-brava\/camping-nautic-almata\/web\" target=\"_blank\" rel=\"noopener\">VEURE WEB<\/a><\/p>\n<h3 class=\"PDq2pG_selectionAnchorContainer\" data-section-id=\"kv1867\" data-start=\"870\" data-end=\"902\">\ud83d\udcc5 Disponibilitat agost 2026<\/h3>\n<p data-start=\"904\" data-end=\"943\">\ud83c\udfe1 <strong data-start=\"907\" data-end=\"943\">Bungalows, mobilhomes i glamping<\/strong><\/p>\n<p data-start=\"945\" data-end=\"1387\">\u2714\ufe0f Diferents tipus d\u2019allotjament segons les necessitats de cada fam\u00edlia.<br data-start=\"1017\" data-end=\"1020\" \/>\u2714\ufe0f Opcions com bungalows, mobilhomes i lodges glamping totalment equipats.<br data-start=\"1094\" data-end=\"1097\" \/>\u2714\ufe0f Capacitat segons categoria d\u2019allotjament:<strong data-start=\"1182\" data-end=\"1246\"> de 2 a 6 persones.<\/strong><br data-start=\"1179\" data-end=\"1182\" \/>\u2714\ufe0f Alguns allotjaments glamping poden tenir dies d\u2019entrada i sortida concrets durant la temporada alta.<br data-start=\"1285\" data-end=\"1288\" \/>\u2714\ufe0f Estada m\u00ednima: segons allotjament i condicions de reserva.<\/p>\n<p data-start=\"1389\" data-end=\"1442\">\ud83d\udcc5 <strong data-start=\"1392\" data-end=\"1442\">Disponibilitat durant diferents dates d&#8217;agost.<\/strong><\/p>\n<p data-start=\"1444\" data-end=\"1460\">\u26fa <strong data-start=\"1446\" data-end=\"1460\">Parcel\u00b7les<\/strong><\/p>\n<p data-start=\"1462\" data-end=\"1947\">\u2714\ufe0f Parcel\u00b7les per a <strong data-start=\"1482\" data-end=\"1519\">tendes, caravanes i autocaravanes<\/strong>.<br data-start=\"1520\" data-end=\"1523\" \/>\u2714\ufe0f Diferents zones i categories: parcel\u00b7les est\u00e0ndard, parcel\u00b7les amb serveis premium i opcions amb ubicacions especials.<br data-start=\"1644\" data-end=\"1647\" \/>\u2714\ufe0f Possibilitat d\u2019escollir parcel\u00b7les davant del mar, amb vistes al riu o en zones m\u00e9s tranquil\u00b7les del c\u00e0mping.<br data-start=\"1759\" data-end=\"1762\" \/>\u2714\ufe0f Parcel\u00b7les adaptades per gaudir de la natura amb tots els serveis necessaris.<br data-start=\"1842\" data-end=\"1845\" \/>\u2714\ufe0f Estada m\u00ednima: segons disponibilitat i condicions de reserva.<\/p>\n<p data-start=\"1949\" data-end=\"2010\">\ud83d\udcc5 <strong data-start=\"1952\" data-end=\"2010\">Encara queden dates disponibles durant el mes d\u2019agost.<\/strong><\/p>\n<h3>C\u00e0mping El Solson\u00e8s (Solsona)<\/h3>\n<p><img loading=\"lazy\" decoding=\"async\" class=\"aligncenter size-large wp-image-17264\" src=\"https:\/\/campingscat.com\/blog\/wp-content\/uploads\/2026\/07\/Camping-el-solsones-1024x683.jpg\" alt=\"\" width=\"1024\" height=\"683\" srcset=\"https:\/\/campingscat.com\/blog\/wp-content\/uploads\/2026\/07\/Camping-el-solsones-1024x683.jpg 1024w, https:\/\/campingscat.com\/blog\/wp-content\/uploads\/2026\/07\/Camping-el-solsones-300x200.jpg 300w, https:\/\/campingscat.com\/blog\/wp-content\/uploads\/2026\/07\/Camping-el-solsones-768x512.jpg 768w, https:\/\/campingscat.com\/blog\/wp-content\/uploads\/2026\/07\/Camping-el-solsones-370x247.jpg 370w, https:\/\/campingscat.com\/blog\/wp-content\/uploads\/2026\/07\/Camping-el-solsones-770x513.jpg 770w, https:\/\/campingscat.com\/blog\/wp-content\/uploads\/2026\/07\/Camping-el-solsones.jpg 1350w\" sizes=\"(max-width: 1024px) 100vw, 1024px\" \/><\/p>\n<p data-start=\"542\" data-end=\"757\">Situat a <strong data-start=\"551\" data-end=\"562\">Solsona<\/strong>, al Prepirineu catal\u00e0, el C\u00e0mping El Solson\u00e8s \u00e9s un <strong data-start=\"615\" data-end=\"641\">ecoc\u00e0mping gastron\u00f2mic<\/strong> envoltat de natura, ideal per desconnectar en fam\u00edlia i gaudir d\u2019un entorn tranquil amb activitats a l\u2019aire lliure.<\/p>\n<p data-start=\"759\" data-end=\"934\">Disposa de diferents opcions d\u2019allotjament com <strong data-start=\"806\" data-end=\"850\">bungalows, xalets, glamping i parcel\u00b7les<\/strong> per adaptar-se a diferents tipus de vacances.<\/p>\n<p><a href=\"https:\/\/campingscat.com\/ca\/pirineus\/camping-el-solsones\/web\" target=\"_blank\" rel=\"noopener\">VEURE WEB<\/a><\/p>\n<h3 data-section-id=\"kv1867\" data-start=\"598\" data-end=\"630\">\ud83d\udcc5 Disponibilitat agost 2026<\/h3>\n<p class=\"PDq2pG_selectionAnchorContainer\" data-start=\"985\" data-end=\"1016\">\ud83c\udfe1 <strong data-start=\"988\" data-end=\"1016\">Bungalows i allotjaments<\/strong><\/p>\n<p data-start=\"1018\" data-end=\"1391\">\u2714\ufe0f Diferents models de bungalows de fusta equipats per a fam\u00edlies.<br data-start=\"1084\" data-end=\"1087\" \/>\u2714\ufe0f Capacitat: fins a <strong data-start=\"1108\" data-end=\"1153\">8 persones segons categoria d\u2019allotjament<\/strong>.<br data-start=\"1154\" data-end=\"1157\" \/>\u2714\ufe0f Alguns bungalows disposen d\u2019aire condicionat.<br data-start=\"1205\" data-end=\"1208\" \/>\u2714\ufe0f Diferents models de bungalows de fusta equipats per a fam\u00edlies.<br data-start=\"1516\" data-end=\"1519\" \/>\u2714\ufe0f Capacitat: fins a 8 persones segons categoria d\u2019allotjament.<br data-start=\"1582\" data-end=\"1585\" \/>\u2714\ufe0f Alguns bungalows disposen d\u2019aire condicionat.<br data-start=\"1291\" data-end=\"1294\" \/>\u2714\ufe0f Estada m\u00ednima: segons allotjament i dates seleccionades.<\/p>\n<p data-start=\"1393\" data-end=\"1446\">\ud83d\udcc5 <strong data-start=\"1396\" data-end=\"1446\">Disponibilitat durant diferents dates d&#8217;agost.<\/strong><\/p>\n<p data-start=\"1448\" data-end=\"1464\">\u26fa <strong data-start=\"1450\" data-end=\"1464\">Parcel\u00b7les<\/strong><\/p>\n<p data-start=\"1466\" data-end=\"1560\">\u2714\ufe0f Parcel\u00b7les per a <strong data-start=\"1486\" data-end=\"1523\">caravanes, autocaravanes i tendes<\/strong>.<br data-start=\"1524\" data-end=\"1527\" \/>\u2714\ufe0f Diferents mides disponibles:<\/p>\n<p data-start=\"1466\" data-end=\"1560\"><strong>\u00b7 Parcel\u00b7la M: <\/strong>uns 70 m\u00b2.<br data-start=\"1855\" data-end=\"1858\" \/><strong>\u00b7 Parcel\u00b7la L: <\/strong>uns 90 m\u00b2.<br data-start=\"1884\" data-end=\"1887\" \/><strong>\u00b7 Parcel\u00b7la XL:<\/strong> uns 100 m\u00b2<\/p>\n<p data-start=\"1466\" data-end=\"1560\">.\u2714\ufe0f Amb opcions de connexi\u00f3 el\u00e8ctrica i serveis propers.<br data-start=\"1711\" data-end=\"1714\" \/>\u2714\ufe0f Parcel\u00b7les \u00e0mplies en un entorn natural ideal per desconnectar.<br data-start=\"1780\" data-end=\"1783\" \/>\u2714\ufe0f Estada m\u00ednima: segons modalitat i dates de reserva.<\/p>\n<p data-start=\"1877\" data-end=\"1938\">\ud83d\udcc5 <strong data-start=\"1880\" data-end=\"1938\">Encara queden dates disponibles durant el mes d\u2019agost.<\/strong><\/p>\n<h3>C\u00e0mping Roca Grossa (Calella)<\/h3>\n<p><img loading=\"lazy\" decoding=\"async\" class=\"aligncenter size-large wp-image-17268\" src=\"https:\/\/campingscat.com\/blog\/wp-content\/uploads\/2026\/07\/roca-grossa-1024x653.jpg\" alt=\"\" width=\"1024\" height=\"653\" srcset=\"https:\/\/campingscat.com\/blog\/wp-content\/uploads\/2026\/07\/roca-grossa-1024x653.jpg 1024w, https:\/\/campingscat.com\/blog\/wp-content\/uploads\/2026\/07\/roca-grossa-300x191.jpg 300w, https:\/\/campingscat.com\/blog\/wp-content\/uploads\/2026\/07\/roca-grossa-768x490.jpg 768w, https:\/\/campingscat.com\/blog\/wp-content\/uploads\/2026\/07\/roca-grossa-370x236.jpg 370w, https:\/\/campingscat.com\/blog\/wp-content\/uploads\/2026\/07\/roca-grossa-770x491.jpg 770w, https:\/\/campingscat.com\/blog\/wp-content\/uploads\/2026\/07\/roca-grossa.jpg 1411w\" sizes=\"(max-width: 1024px) 100vw, 1024px\" \/><\/p>\n<p>Situat a <strong data-start=\"228\" data-end=\"251\">Calella, al Maresme<\/strong>, el C\u00e0mping Roca Grossa \u00e9s un c\u00e0mping familiar envoltat de mar i muntanya, a nom\u00e9s 1 km del centre de Calella i amb acc\u00e9s a la zona de la cala Roca Grossa. \u00c9s una opci\u00f3 ideal per gaudir d\u2019unes vacances de platja combinades amb activitats i serveis per a tota la fam\u00edlia. Disposa de <strong data-start=\"534\" data-end=\"583\">bungalows, mobilhomes i parcel\u00b7les d\u2019acampada<\/strong>.<\/p>\n<p><a href=\"https:\/\/campingscat.com\/ca\/costa-barcelona\/camping-roca-grossa\/web\" target=\"_blank\" rel=\"noopener\">VEURE WEB<\/a><\/p>\n<h3 data-section-id=\"kv1867\" data-start=\"624\" data-end=\"656\">\ud83d\udcc5 Disponibilitat agost 2026<\/h3>\n<p class=\"PDq2pG_selectionAnchorContainer\" data-start=\"1227\" data-end=\"1256\">\ud83c\udfe1 <strong data-start=\"1230\" data-end=\"1256\">Bungalows i mobilhomes<\/strong><\/p>\n<p data-start=\"1258\" data-end=\"1677\">\u2714\ufe0f Diferents models d\u2019allotjament segons les necessitats de cada fam\u00edlia.<br data-start=\"1331\" data-end=\"1334\" \/>\u2714\ufe0f Capacitat: de <strong data-start=\"1351\" data-end=\"1369\">4 a 6 persones<\/strong> segons categoria.<br data-start=\"1387\" data-end=\"1390\" \/>\u2714\ufe0f Equipats amb terrassa coberta, televisi\u00f3, aire condicionat, aparcament i aigua calenta segons allotjament.<br data-start=\"1499\" data-end=\"1502\" \/>\u2714\ufe0f Opcions ideals per a fam\u00edlies que busquen comoditat a prop de la platja.<br data-start=\"1577\" data-end=\"1580\" \/>\u2714\ufe0f Estada m\u00ednima: segons allotjament i dates seleccionades.<\/p>\n<p data-start=\"1679\" data-end=\"1732\">\ud83d\udcc5 <strong data-start=\"1682\" data-end=\"1732\">Disponibilitat durant diferents dates d&#8217;agost.<\/strong><\/p>\n<p data-start=\"1734\" data-end=\"1750\">\u26fa <strong data-start=\"1736\" data-end=\"1750\">Parcel\u00b7les<\/strong><\/p>\n<p data-start=\"1752\" data-end=\"2160\">\u2714\ufe0f Parcel\u00b7les disponibles per a <strong data-start=\"1784\" data-end=\"1806\">tendes i caravanes<\/strong>.<br data-start=\"1807\" data-end=\"1810\" \/>\u2714\ufe0f Capacitat m\u00e0xima: fins a <strong data-start=\"1838\" data-end=\"1866\">6 persones per parcel\u00b7la<\/strong>.<br data-start=\"1867\" data-end=\"1870\" \/>\u2714\ufe0f Possibilitat d\u2019instal\u00b7lar una caravana o una tenda familiar amb vehicle segons condicions del c\u00e0mping.<br data-start=\"1975\" data-end=\"1978\" \/>\u2714\ufe0f Espais pensats per gaudir de l\u2019acampada en un entorn entre mar i muntanya.<br data-start=\"2055\" data-end=\"2058\" \/>\u2714\ufe0f Estada m\u00ednima: segons disponibilitat i condicions de reserva.<\/p>\n<p data-start=\"2162\" data-end=\"2223\">\ud83d\udcc5 <strong data-start=\"2165\" data-end=\"2223\">Encara queden dates disponibles durant el mes d\u2019agost.<\/strong><\/p>\n<h2>No deixis escapar les \u00faltimes places<\/h2>\n<p class=\"PDq2pG_selectionAnchorContainer\" data-start=\"39\" data-end=\"279\">L\u2019agost \u00e9s un dels mesos amb m\u00e9s demanda als c\u00e0mpings de Catalunya, per aix\u00f2 la disponibilitat pot canviar r\u00e0pidament. Si has trobat el c\u00e0mping que millor s\u2019adapta a les teves vacances, et recomanem fer la reserva al m\u00e9s aviat possible.<\/p>\n<p data-start=\"284\" data-end=\"555\">Encara busques m\u00e9s opcions per a les teves vacances? A CampingsCat.com trobar\u00e0s una \u00e0mplia selecci\u00f3 de c\u00e0mpings a Catalunya amb disponibilitat per a l\u2019estiu, tant a la costa com a la muntanya. Descobreix noves destinacions i troba el c\u00e0mping ideal per a la teva escapada.<\/p>\n<p>&nbsp;<\/p>\n<p><a href=\"https:\/\/campingscat.com\/ca\/newsletter-campings\/\" target=\"_blank\" rel=\"noopener\"><img loading=\"lazy\" decoding=\"async\" class=\"aligncenter wp-image-16895 size-full\" src=\"https:\/\/campingscat.com\/blog\/wp-content\/uploads\/2026\/07\/banners-web-campings-CAT.jpg\" alt=\"\" width=\"728\" height=\"90\" srcset=\"https:\/\/campingscat.com\/blog\/wp-content\/uploads\/2026\/07\/banners-web-campings-CAT.jpg 728w, https:\/\/campingscat.com\/blog\/wp-content\/uploads\/2026\/07\/banners-web-campings-CAT-300x37.jpg 300w, https:\/\/campingscat.com\/blog\/wp-content\/uploads\/2026\/07\/banners-web-campings-CAT-370x46.jpg 370w\" sizes=\"(max-width: 767px) 100vw, 728px\" \/><\/a><\/p>\n","protected":false},"excerpt":{"rendered":"<p>Si encara no has decidit on passar les vacances d&#8217;estiu, tenim una bona not\u00edcia: encara&hellip;<\/p>\n","protected":false},"author":3,"featured_media":18401,"comment_status":"closed","ping_status":"closed","sticky":false,"template":"","format":"standard","meta":{"footnotes":""},"categories":[283,300,240,290,294],"tags":[],"class_list":["post-8298","post","type-post","status-publish","format-standard","has-post-thumbnail","hentry","category-en-familia","category-inspiracio","category-ofertes","category-on-anar","category-que-fer"],"yoast_head":"<!-- This site is optimized with the Yoast SEO plugin v27.7 - https:\/\/yoast.com\/product\/yoast-seo-wordpress\/ -->\n<title>C\u00e0mpings amb disponibilitat per agost a Catalunya - Blog Campingscat<\/title>\n<meta name=\"description\" content=\"A punt d&#039;entrar a l&#039;agost i sense la reserva feta? No et preocupis, au\u00ed et presentem algunes alternativess de c\u00e0mpings amb disponibilitat per agost a Catalunya.\" \/>\n<meta name=\"robots\" content=\"index, follow, max-snippet:-1, max-image-preview:large, max-video-preview:-1\" \/>\n<link rel=\"canonical\" href=\"https:\/\/campingscat.com\/blog\/ca\/campings-amb-disponibilitat-per-agost-a-catalunya\/\" \/>\n<meta property=\"og:locale\" content=\"ca_ES\" \/>\n<meta property=\"og:type\" content=\"article\" \/>\n<meta property=\"og:title\" content=\"C\u00e0mpings amb disponibilitat per agost a Catalunya - Blog Campingscat\" \/>\n<meta property=\"og:description\" content=\"A punt d&#039;entrar a l&#039;agost i sense la reserva feta? No et preocupis, au\u00ed et presentem algunes alternativess de c\u00e0mpings amb disponibilitat per agost a Catalunya.\" \/>\n<meta property=\"og:url\" content=\"https:\/\/campingscat.com\/blog\/ca\/campings-amb-disponibilitat-per-agost-a-catalunya\/\" \/>\n<meta property=\"og:site_name\" content=\"Blog Campingscat\" \/>\n<meta property=\"article:publisher\" content=\"https:\/\/www.facebook.com\/campingscat.campingsdecatalunya\/\" \/>\n<meta property=\"article:published_time\" content=\"2026-08-19T12:30:38+00:00\" \/>\n<meta property=\"article:modified_time\" content=\"2026-08-20T09:44:52+00:00\" \/>\n<meta property=\"og:image\" content=\"https:\/\/campingscat.com\/blog\/wp-content\/uploads\/2026\/07\/disponibilitat-agost-1024x555.png\" \/>\n\t<meta property=\"og:image:width\" content=\"1024\" \/>\n\t<meta property=\"og:image:height\" content=\"555\" \/>\n\t<meta property=\"og:image:type\" content=\"image\/png\" \/>\n<meta name=\"author\" content=\"Anna Frixach\" \/>\n<meta name=\"twitter:card\" content=\"summary_large_image\" \/>\n<meta name=\"twitter:creator\" content=\"@campingscat\" \/>\n<meta name=\"twitter:site\" content=\"@campingscat\" \/>\n<meta name=\"twitter:label1\" content=\"Escrit per\" \/>\n\t<meta name=\"twitter:data1\" content=\"Anna Frixach\" \/>\n\t<meta name=\"twitter:label2\" content=\"Temps estimat de lectura\" \/>\n\t<meta name=\"twitter:data2\" content=\"11 minuts\" \/>\n<script type=\"application\/ld+json\" class=\"yoast-schema-graph\">{\"@context\":\"https:\\\/\\\/schema.org\",\"@graph\":[{\"@type\":\"Article\",\"@id\":\"https:\\\/\\\/campingscat.com\\\/blog\\\/ca\\\/campings-amb-disponibilitat-per-agost-a-catalunya\\\/#article\",\"isPartOf\":{\"@id\":\"https:\\\/\\\/campingscat.com\\\/blog\\\/ca\\\/campings-amb-disponibilitat-per-agost-a-catalunya\\\/\"},\"author\":{\"name\":\"Anna Frixach\",\"@id\":\"https:\\\/\\\/campingscat.com\\\/blog\\\/ca\\\/#\\\/schema\\\/person\\\/69e03708da85dce2a83e29918b7d6860\"},\"headline\":\"C\u00e0mpings amb disponibilitat per agost a Catalunya\",\"datePublished\":\"2026-08-19T12:30:38+00:00\",\"dateModified\":\"2026-08-20T09:44:52+00:00\",\"mainEntityOfPage\":{\"@id\":\"https:\\\/\\\/campingscat.com\\\/blog\\\/ca\\\/campings-amb-disponibilitat-per-agost-a-catalunya\\\/\"},\"wordCount\":1868,\"publisher\":{\"@id\":\"https:\\\/\\\/campingscat.com\\\/blog\\\/ca\\\/#organization\"},\"image\":{\"@id\":\"https:\\\/\\\/campingscat.com\\\/blog\\\/ca\\\/campings-amb-disponibilitat-per-agost-a-catalunya\\\/#primaryimage\"},\"thumbnailUrl\":\"https:\\\/\\\/campingscat.com\\\/blog\\\/wp-content\\\/uploads\\\/2026\\\/07\\\/disponibilitat-agost.png\",\"articleSection\":[\"En fam\u00edlia\",\"Inspiraci\u00f3\",\"Ofertes\",\"On anar\",\"Qu\u00e8 fer\"],\"inLanguage\":\"ca\"},{\"@type\":\"WebPage\",\"@id\":\"https:\\\/\\\/campingscat.com\\\/blog\\\/ca\\\/campings-amb-disponibilitat-per-agost-a-catalunya\\\/\",\"url\":\"https:\\\/\\\/campingscat.com\\\/blog\\\/ca\\\/campings-amb-disponibilitat-per-agost-a-catalunya\\\/\",\"name\":\"C\u00e0mpings amb disponibilitat per agost a Catalunya - Blog Campingscat\",\"isPartOf\":{\"@id\":\"https:\\\/\\\/campingscat.com\\\/blog\\\/ca\\\/#website\"},\"primaryImageOfPage\":{\"@id\":\"https:\\\/\\\/campingscat.com\\\/blog\\\/ca\\\/campings-amb-disponibilitat-per-agost-a-catalunya\\\/#primaryimage\"},\"image\":{\"@id\":\"https:\\\/\\\/campingscat.com\\\/blog\\\/ca\\\/campings-amb-disponibilitat-per-agost-a-catalunya\\\/#primaryimage\"},\"thumbnailUrl\":\"https:\\\/\\\/campingscat.com\\\/blog\\\/wp-content\\\/uploads\\\/2026\\\/07\\\/disponibilitat-agost.png\",\"datePublished\":\"2026-08-19T12:30:38+00:00\",\"dateModified\":\"2026-08-20T09:44:52+00:00\",\"description\":\"A punt d'entrar a l'agost i sense la reserva feta? No et preocupis, au\u00ed et presentem algunes alternativess de c\u00e0mpings amb disponibilitat per agost a Catalunya.\",\"breadcrumb\":{\"@id\":\"https:\\\/\\\/campingscat.com\\\/blog\\\/ca\\\/campings-amb-disponibilitat-per-agost-a-catalunya\\\/#breadcrumb\"},\"inLanguage\":\"ca\",\"potentialAction\":[{\"@type\":\"ReadAction\",\"target\":[\"https:\\\/\\\/campingscat.com\\\/blog\\\/ca\\\/campings-amb-disponibilitat-per-agost-a-catalunya\\\/\"]}]},{\"@type\":\"ImageObject\",\"inLanguage\":\"ca\",\"@id\":\"https:\\\/\\\/campingscat.com\\\/blog\\\/ca\\\/campings-amb-disponibilitat-per-agost-a-catalunya\\\/#primaryimage\",\"url\":\"https:\\\/\\\/campingscat.com\\\/blog\\\/wp-content\\\/uploads\\\/2026\\\/07\\\/disponibilitat-agost.png\",\"contentUrl\":\"https:\\\/\\\/campingscat.com\\\/blog\\\/wp-content\\\/uploads\\\/2026\\\/07\\\/disponibilitat-agost.png\",\"width\":1704,\"height\":923},{\"@type\":\"BreadcrumbList\",\"@id\":\"https:\\\/\\\/campingscat.com\\\/blog\\\/ca\\\/campings-amb-disponibilitat-per-agost-a-catalunya\\\/#breadcrumb\",\"itemListElement\":[{\"@type\":\"ListItem\",\"position\":1,\"name\":\"Inici\",\"item\":\"https:\\\/\\\/campingscat.com\\\/blog\\\/ca\\\/\"},{\"@type\":\"ListItem\",\"position\":2,\"name\":\"C\u00e0mpings amb disponibilitat per agost a Catalunya\"}]},{\"@type\":\"WebSite\",\"@id\":\"https:\\\/\\\/campingscat.com\\\/blog\\\/ca\\\/#website\",\"url\":\"https:\\\/\\\/campingscat.com\\\/blog\\\/ca\\\/\",\"name\":\"Blog Campingscat\",\"description\":\"Campings de Catalunya\",\"publisher\":{\"@id\":\"https:\\\/\\\/campingscat.com\\\/blog\\\/ca\\\/#organization\"},\"potentialAction\":[{\"@type\":\"SearchAction\",\"target\":{\"@type\":\"EntryPoint\",\"urlTemplate\":\"https:\\\/\\\/campingscat.com\\\/blog\\\/ca\\\/?s={search_term_string}\"},\"query-input\":{\"@type\":\"PropertyValueSpecification\",\"valueRequired\":true,\"valueName\":\"search_term_string\"}}],\"inLanguage\":\"ca\"},{\"@type\":\"Organization\",\"@id\":\"https:\\\/\\\/campingscat.com\\\/blog\\\/ca\\\/#organization\",\"name\":\"Blog Campings CAT\",\"url\":\"https:\\\/\\\/campingscat.com\\\/blog\\\/ca\\\/\",\"logo\":{\"@type\":\"ImageObject\",\"inLanguage\":\"ca\",\"@id\":\"https:\\\/\\\/campingscat.com\\\/blog\\\/ca\\\/#\\\/schema\\\/logo\\\/image\\\/\",\"url\":\"https:\\\/\\\/campingscat.com\\\/blog\\\/wp-content\\\/uploads\\\/2020\\\/09\\\/logo-blog.png\",\"contentUrl\":\"https:\\\/\\\/campingscat.com\\\/blog\\\/wp-content\\\/uploads\\\/2020\\\/09\\\/logo-blog.png\",\"width\":272,\"height\":90,\"caption\":\"Blog Campings CAT\"},\"image\":{\"@id\":\"https:\\\/\\\/campingscat.com\\\/blog\\\/ca\\\/#\\\/schema\\\/logo\\\/image\\\/\"},\"sameAs\":[\"https:\\\/\\\/www.facebook.com\\\/campingscat.campingsdecatalunya\\\/\",\"https:\\\/\\\/x.com\\\/campingscat\",\"https:\\\/\\\/www.instagram.com\\\/campingscat\\\/\"]},{\"@type\":\"Person\",\"@id\":\"https:\\\/\\\/campingscat.com\\\/blog\\\/ca\\\/#\\\/schema\\\/person\\\/69e03708da85dce2a83e29918b7d6860\",\"name\":\"Anna Frixach\",\"description\":\"Apassionada del m\u00f3n del turisme. M'agrada dedicar-me a un sector que \\\"genera moments de felicitat\\\" a la gent.\",\"sameAs\":[\"https:\\\/\\\/campingscat.com\\\/blog\\\/wp-content\\\/uploads\\\/2020\\\/07\\\/anna_frixach-e1640365621369.png\"]}]}<\/script>\n<!-- \/ Yoast SEO plugin. -->","yoast_head_json":{"title":"C\u00e0mpings amb disponibilitat per agost a Catalunya - Blog Campingscat","description":"A punt d'entrar a l'agost i sense la reserva feta? No et preocupis, au\u00ed et presentem algunes alternativess de c\u00e0mpings amb disponibilitat per agost a Catalunya.","robots":{"index":"index","follow":"follow","max-snippet":"max-snippet:-1","max-image-preview":"max-image-preview:large","max-video-preview":"max-video-preview:-1"},"canonical":"https:\/\/campingscat.com\/blog\/ca\/campings-amb-disponibilitat-per-agost-a-catalunya\/","og_locale":"ca_ES","og_type":"article","og_title":"C\u00e0mpings amb disponibilitat per agost a Catalunya - Blog Campingscat","og_description":"A punt d'entrar a l'agost i sense la reserva feta? No et preocupis, au\u00ed et presentem algunes alternativess de c\u00e0mpings amb disponibilitat per agost a Catalunya.","og_url":"https:\/\/campingscat.com\/blog\/ca\/campings-amb-disponibilitat-per-agost-a-catalunya\/","og_site_name":"Blog Campingscat","article_publisher":"https:\/\/www.facebook.com\/campingscat.campingsdecatalunya\/","article_published_time":"2026-08-19T12:30:38+00:00","article_modified_time":"2026-08-20T09:44:52+00:00","og_image":[{"width":1024,"height":555,"url":"https:\/\/campingscat.com\/blog\/wp-content\/uploads\/2026\/07\/disponibilitat-agost-1024x555.png","type":"image\/png"}],"author":"Anna Frixach","twitter_card":"summary_large_image","twitter_creator":"@campingscat","twitter_site":"@campingscat","twitter_misc":{"Escrit per":"Anna Frixach","Temps estimat de lectura":"11 minuts"},"schema":{"@context":"https:\/\/schema.org","@graph":[{"@type":"Article","@id":"https:\/\/campingscat.com\/blog\/ca\/campings-amb-disponibilitat-per-agost-a-catalunya\/#article","isPartOf":{"@id":"https:\/\/campingscat.com\/blog\/ca\/campings-amb-disponibilitat-per-agost-a-catalunya\/"},"author":{"name":"Anna Frixach","@id":"https:\/\/campingscat.com\/blog\/ca\/#\/schema\/person\/69e03708da85dce2a83e29918b7d6860"},"headline":"C\u00e0mpings amb disponibilitat per agost a Catalunya","datePublished":"2026-08-19T12:30:38+00:00","dateModified":"2026-08-20T09:44:52+00:00","mainEntityOfPage":{"@id":"https:\/\/campingscat.com\/blog\/ca\/campings-amb-disponibilitat-per-agost-a-catalunya\/"},"wordCount":1868,"publisher":{"@id":"https:\/\/campingscat.com\/blog\/ca\/#organization"},"image":{"@id":"https:\/\/campingscat.com\/blog\/ca\/campings-amb-disponibilitat-per-agost-a-catalunya\/#primaryimage"},"thumbnailUrl":"https:\/\/campingscat.com\/blog\/wp-content\/uploads\/2026\/07\/disponibilitat-agost.png","articleSection":["En fam\u00edlia","Inspiraci\u00f3","Ofertes","On anar","Qu\u00e8 fer"],"inLanguage":"ca"},{"@type":"WebPage","@id":"https:\/\/campingscat.com\/blog\/ca\/campings-amb-disponibilitat-per-agost-a-catalunya\/","url":"https:\/\/campingscat.com\/blog\/ca\/campings-amb-disponibilitat-per-agost-a-catalunya\/","name":"C\u00e0mpings amb disponibilitat per agost a Catalunya - Blog Campingscat","isPartOf":{"@id":"https:\/\/campingscat.com\/blog\/ca\/#website"},"primaryImageOfPage":{"@id":"https:\/\/campingscat.com\/blog\/ca\/campings-amb-disponibilitat-per-agost-a-catalunya\/#primaryimage"},"image":{"@id":"https:\/\/campingscat.com\/blog\/ca\/campings-amb-disponibilitat-per-agost-a-catalunya\/#primaryimage"},"thumbnailUrl":"https:\/\/campingscat.com\/blog\/wp-content\/uploads\/2026\/07\/disponibilitat-agost.png","datePublished":"2026-08-19T12:30:38+00:00","dateModified":"2026-08-20T09:44:52+00:00","description":"A punt d'entrar a l'agost i sense la reserva feta? No et preocupis, au\u00ed et presentem algunes alternativess de c\u00e0mpings amb disponibilitat per agost a Catalunya.","breadcrumb":{"@id":"https:\/\/campingscat.com\/blog\/ca\/campings-amb-disponibilitat-per-agost-a-catalunya\/#breadcrumb"},"inLanguage":"ca","potentialAction":[{"@type":"ReadAction","target":["https:\/\/campingscat.com\/blog\/ca\/campings-amb-disponibilitat-per-agost-a-catalunya\/"]}]},{"@type":"ImageObject","inLanguage":"ca","@id":"https:\/\/campingscat.com\/blog\/ca\/campings-amb-disponibilitat-per-agost-a-catalunya\/#primaryimage","url":"https:\/\/campingscat.com\/blog\/wp-content\/uploads\/2026\/07\/disponibilitat-agost.png","contentUrl":"https:\/\/campingscat.com\/blog\/wp-content\/uploads\/2026\/07\/disponibilitat-agost.png","width":1704,"height":923},{"@type":"BreadcrumbList","@id":"https:\/\/campingscat.com\/blog\/ca\/campings-amb-disponibilitat-per-agost-a-catalunya\/#breadcrumb","itemListElement":[{"@type":"ListItem","position":1,"name":"Inici","item":"https:\/\/campingscat.com\/blog\/ca\/"},{"@type":"ListItem","position":2,"name":"C\u00e0mpings amb disponibilitat per agost a Catalunya"}]},{"@type":"WebSite","@id":"https:\/\/campingscat.com\/blog\/ca\/#website","url":"https:\/\/campingscat.com\/blog\/ca\/","name":"Blog Campingscat","description":"Campings de Catalunya","publisher":{"@id":"https:\/\/campingscat.com\/blog\/ca\/#organization"},"potentialAction":[{"@type":"SearchAction","target":{"@type":"EntryPoint","urlTemplate":"https:\/\/campingscat.com\/blog\/ca\/?s={search_term_string}"},"query-input":{"@type":"PropertyValueSpecification","valueRequired":true,"valueName":"search_term_string"}}],"inLanguage":"ca"},{"@type":"Organization","@id":"https:\/\/campingscat.com\/blog\/ca\/#organization","name":"Blog Campings CAT","url":"https:\/\/campingscat.com\/blog\/ca\/","logo":{"@type":"ImageObject","inLanguage":"ca","@id":"https:\/\/campingscat.com\/blog\/ca\/#\/schema\/logo\/image\/","url":"https:\/\/campingscat.com\/blog\/wp-content\/uploads\/2020\/09\/logo-blog.png","contentUrl":"https:\/\/campingscat.com\/blog\/wp-content\/uploads\/2020\/09\/logo-blog.png","width":272,"height":90,"caption":"Blog Campings CAT"},"image":{"@id":"https:\/\/campingscat.com\/blog\/ca\/#\/schema\/logo\/image\/"},"sameAs":["https:\/\/www.facebook.com\/campingscat.campingsdecatalunya\/","https:\/\/x.com\/campingscat","https:\/\/www.instagram.com\/campingscat\/"]},{"@type":"Person","@id":"https:\/\/campingscat.com\/blog\/ca\/#\/schema\/person\/69e03708da85dce2a83e29918b7d6860","name":"Anna Frixach","description":"Apassionada del m\u00f3n del turisme. M'agrada dedicar-me a un sector que \"genera moments de felicitat\" a la gent.","sameAs":["https:\/\/campingscat.com\/blog\/wp-content\/uploads\/2020\/07\/anna_frixach-e1640365621369.png"]}]}},"_links":{"self":[{"href":"https:\/\/campingscat.com\/blog\/ca\/wp-json\/wp\/v2\/posts\/8298","targetHints":{"allow":["GET"]}}],"collection":[{"href":"https:\/\/campingscat.com\/blog\/ca\/wp-json\/wp\/v2\/posts"}],"about":[{"href":"https:\/\/campingscat.com\/blog\/ca\/wp-json\/wp\/v2\/types\/post"}],"author":[{"embeddable":true,"href":"https:\/\/campingscat.com\/blog\/ca\/wp-json\/wp\/v2\/users\/3"}],"replies":[{"embeddable":true,"href":"https:\/\/campingscat.com\/blog\/ca\/wp-json\/wp\/v2\/comments?post=8298"}],"version-history":[{"count":57,"href":"https:\/\/campingscat.com\/blog\/ca\/wp-json\/wp\/v2\/posts\/8298\/revisions"}],"predecessor-version":[{"id":18461,"href":"https:\/\/campingscat.com\/blog\/ca\/wp-json\/wp\/v2\/posts\/8298\/revisions\/18461"}],"wp:featuredmedia":[{"embeddable":true,"href":"https:\/\/campingscat.com\/blog\/ca\/wp-json\/wp\/v2\/media\/18401"}],"wp:attachment":[{"href":"https:\/\/campingscat.com\/blog\/ca\/wp-json\/wp\/v2\/media?parent=8298"}],"wp:term":[{"taxonomy":"category","embeddable":true,"href":"https:\/\/campingscat.com\/blog\/ca\/wp-json\/wp\/v2\/categories?post=8298"},{"taxonomy":"post_tag","embeddable":true,"href":"https:\/\/campingscat.com\/blog\/ca\/wp-json\/wp\/v2\/tags?post=8298"}],"curies":[{"name":"wp","href":"https:\/\/api.w.org\/{rel}","templated":true}]}}