{"id":7496,"date":"2026-04-27T12:00:17","date_gmt":"2026-04-27T10:00:17","guid":{"rendered":"https:\/\/campingscat.com\/blog\/?p=7496"},"modified":"2026-04-27T12:59:14","modified_gmt":"2026-04-27T10:59:14","slug":"primavera-temps-de-flors-i-festa-a-girona-i-la-costa-brava","status":"publish","type":"post","link":"https:\/\/campingscat.com\/blog\/ca\/primavera-temps-de-flors-i-festa-a-girona-i-la-costa-brava\/","title":{"rendered":"Primavera, temps de flors i festa a Girona i la Costa Brava 2026"},"content":{"rendered":"<script>const cc_search_query = \"\";<\/script><p><span style=\"font-weight: 400;\">Hi ha moments que queden gravats per sempre en la mem\u00f2ria dels nens. Imatges que no s&#8217;obliden: un carrer empedrat vestit de p\u00e8tals, l&#8217;olor de mil flors barrejada amb la pedra antiga, la meravella pintada als ulls d&#8217;un infant que no sap ben b\u00e9 on mirar primer. Girona, cada mes de maig, t\u00e9 aquest do especial: convertir una ciutat medieval en un somni florit que enamora tothom qui la trepitja.<\/span><\/p>\n<p><span style=\"font-weight: 400;\">Si est\u00e0s pensant en una escapada familiar diferent, una d&#8217;aquelles que els teus fills recordaran quan siguin grans, apunta-t&#8217;ho b\u00e9: el Temps de Flors de Girona 2026 \u00e9s la teva propera aventura en fam\u00edlia. I si la combines amb uns dies de c\u00e0mping a la Costa Brava&#8230; ja tens el pla perfecte de vacances a Catalunya.<\/span><\/p>\n<h2><b>Qu\u00e8 \u00e9s el Temps de Flors de Girona?<\/b><\/h2>\n<p><span style=\"font-weight: 400;\">El Temps de Flors de Girona \u00e9s molt m\u00e9s que una exposici\u00f3 floral. \u00c9s un dels festivals m\u00e9s bells i emocionants de Catalunya, i un dels m\u00e9s reconeguts internacionalment. Cada primavera, durant nou dies, la ciutat de Girona es transforma en un jard\u00ed a cel obert que sedueix visitants de tot el m\u00f3n.<\/span><\/p>\n<p><span style=\"font-weight: 400;\">Els seus or\u00edgens es remunten a l&#8217;any 1954. La 71a edici\u00f3 tindr\u00e0 lloc del 9 al 17 de maig de 2026, amb prop de 130 projectes repartits en m\u00e9s de 100 espais emblem\u00e0tics de la ciutat.<\/span><\/p>\n<p><span style=\"font-weight: 400;\">Durant aquests dies m\u00e0gics, monuments, patis, claustres i racons amagats del Barri Vell s&#8217;obren al p\u00fablic amb instal\u00b7lacions florals d&#8217;una bellesa aclaparadora. Les escales de la Catedral, els Banys \u00c0rabs, el monestir de Sant Pere de Galligants, els ponts sobre l&#8217;Onyar&#8230; tot es vesteix de colors i perfums que transformen Girona en un espai \u00fanic i irrepetible.<\/span><\/p>\n<p><b>El millor de tot? L&#8217;entrada \u00e9s completament gratu\u00efta.<\/b><\/p>\n<h2><b>Per qu\u00e8 \u00e9s ideal per visitar en fam\u00edlia?<\/b><\/h2>\n<p><span style=\"font-weight: 400;\">El Temps de Flors \u00e9s un festival fet a mida per a tota la fam\u00edlia, i no cal ser ent\u00e8s en art floral per gaudir-ne: n&#8217;hi ha prou amb tenir ulls i un cor obert a la bellesa.<\/span><\/p>\n<p><span style=\"font-weight: 400;\">Els nens s&#8217;hi sentiran protagonistes. El recorregut pels carrers medievals de Girona ja \u00e9s, de per si, una aventura per als m\u00e9s petits. Afegeix-hi flors de tots els colors, olors dolces i instal\u00b7lacions art\u00edstiques sorprenents, i tens la combinaci\u00f3 perfecta per despertar la curiositat i la imaginaci\u00f3 infantil.<\/span><\/p>\n<p><span style=\"font-weight: 400;\">Hi ha activitats per a totes les edats: tallers de flors per a nens, concerts, propostes pensades per a tots els p\u00fablics. El &#8216;Flors de Nit&#8217;, els dissabtes fins a la mitjanit, \u00e9s una experi\u00e8ncia lum\u00ednica especial que els petits de la casa no volen perdre&#8217;s.<\/span><\/p>\n<p><span style=\"font-weight: 400;\">El ritme \u00e9s el vostre. Podeu passejar a la vostra manera, descobrir els racons que m\u00e9s us agradin i parar a dinar o berenar quan us vingui de gust. Uns horaris amplis \u2014de les 10 h a les 21 h cada dia\u2014 donen molta flexibilitat a les fam\u00edlies.<\/span><\/p>\n<h2><b>La proposta d&#8217;escapada perfecta: Girona + Costa Brava<\/b><\/h2>\n<p><span style=\"font-weight: 400;\">Girona i la Costa Brava es troben a menys de 40 minuts en cotxe, de manera que pots organitzar una escapada de cap de setmana o uns dies de vacances que combinin cultura, natura i platja.<\/span><\/p>\n<p><b>Un exemple de cap de setmana en fam\u00edlia:<\/b><\/p>\n<ul>\n<li><span style=\"font-weight: 400;\">Divendres a la tarda: Arribada al c\u00e0mping, instal\u00b7laci\u00f3 i primera presa de contacte amb la Costa Brava. Platja, piscina i sopar en fam\u00edlia.<\/span><\/li>\n<li><span style=\"font-weight: 400;\">Dissabte: Mat\u00ed a Girona pels carrers florits del Barri Vell. Dinar al centre. Tarda lliure al c\u00e0mping. &#8216;Flors de Nit&#8217; al vespre!<\/span><\/li>\n<li><span style=\"font-weight: 400;\">Diumenge: Mat\u00ed a Girona o excursi\u00f3 per la Costa Brava \u2014cales, Pals, Begur\u2014 abans de tornar al c\u00e0mping.<\/span><\/li>\n<\/ul>\n<h2><b>On allotjar-se<\/b><\/h2>\n<p>Si est\u00e0s pensant en fer les maletes i gaudir de la primavera gironina, al nostre portal trobar\u00e0s m\u00e9s de\u00a0<a href=\"https:\/\/campingscat.com\/ca\/campings\/?mt=1&amp;sort=defecte\">50 c\u00e0mpings situats a la Costa Brava<\/a>, ben a prop d\u2019on se celebren aquests festivals.<\/p>\n<h2><b>Consells pr\u00e0ctics per a la vostra visita<\/b><\/h2>\n<ul>\n<li style=\"font-weight: 400;\" aria-level=\"1\"><span style=\"font-weight: 400;\">Reserveu el c\u00e0mping amb antelaci\u00f3: el mes de maig \u00e9s temporada alta a la Costa Brava.<\/span><\/li>\n<li style=\"font-weight: 400;\" aria-level=\"1\"><span style=\"font-weight: 400;\">Aneu a Girona de mat\u00ed o al capvespre per evitar la m\u00e0xima aflu\u00e8ncia.<\/span><\/li>\n<li style=\"font-weight: 400;\" aria-level=\"1\"><span style=\"font-weight: 400;\">Porteu cal\u00e7at c\u00f2mode: el Barri Vell t\u00e9 molt desnivell i pedra.<\/span><\/li>\n<li style=\"font-weight: 400;\" aria-level=\"1\"><span style=\"font-weight: 400;\">Descarregueu el mapa oficial del festival al web de Temps de Flors.<\/span><\/li>\n<li style=\"font-weight: 400;\" aria-level=\"1\"><span style=\"font-weight: 400;\">L&#8217;entrada al festival \u00e9s gratu\u00efta.<\/span><\/li>\n<\/ul>\n<h2><b>Prepareu la vostra escapada familiar!<\/b><\/h2>\n<p><span style=\"font-weight: 400;\">El Temps de Flors de Girona 2026 (del 9 al 17 de maig) \u00e9s una d&#8217;aquelles experi\u00e8ncies que no s&#8217;hauria de perdre cap fam\u00edlia que estima Catalunya. I si ho combineu amb uns dies de c\u00e0mping a la Costa Brava, teniu tots els ingredients per a unes vacances en fam\u00edlia perfectes: art, natura, platja i aventura.<\/span><\/p>\n<p><span style=\"font-weight: 400;\">No espereu al darrer moment. Consulteu la disponibilitat dels c\u00e0mpings, planifiqueu el vostre recorregut per Girona i prepareu la maleta. La primavera us espera!<\/span><\/p>\n<p><a href=\"https:\/\/campingscat.com\/ca\/newsletter-campings\/\" target=\"_blank\" rel=\"noopener\"><img fetchpriority=\"high\" decoding=\"async\" class=\"wp-image-2773  aligncenter\" src=\"https:\/\/campingscat.com\/blog\/wp-content\/uploads\/2021\/05\/Banners_si-tha-agradat_subscriute-640x79-1.png\" sizes=\"(max-width: 640px) 100vw, 640px\" srcset=\"https:\/\/campingscat.com\/blog\/wp-content\/uploads\/2021\/05\/Banners_si-tha-agradat_subscriute-640x79-1.png 640w, https:\/\/campingscat.com\/blog\/wp-content\/uploads\/2021\/05\/Banners_si-tha-agradat_subscriute-640x79-1-300x37.png 300w\" alt=\"\" width=\"753\" height=\"93\" \/><\/a><\/p>\n","protected":false},"excerpt":{"rendered":"<p>Hi ha moments que queden gravats per sempre en la mem\u00f2ria dels nens. Imatges que&hellip;<\/p>\n","protected":false},"author":15,"featured_media":7500,"comment_status":"closed","ping_status":"closed","sticky":false,"template":"","format":"standard","meta":{"footnotes":""},"categories":[300,294],"tags":[],"class_list":["post-7496","post","type-post","status-publish","format-standard","has-post-thumbnail","hentry","category-inspiracio","category-que-fer"],"yoast_head":"<!-- This site is optimized with the Yoast SEO plugin v27.3 - https:\/\/yoast.com\/product\/yoast-seo-wordpress\/ -->\n<title>Primavera, temps de flors i festa a Girona i la Costa Brava 2026<\/title>\n<meta name=\"description\" content=\"Descobreix el Temps de Flors de Girona 2026 i combina&#039;l amb una escapada familiar als millors c\u00e0mpings de la Costa Brava.\" \/>\n<meta name=\"robots\" content=\"index, follow, max-snippet:-1, max-image-preview:large, max-video-preview:-1\" \/>\n<link rel=\"canonical\" href=\"https:\/\/campingscat.com\/blog\/ca\/primavera-temps-de-flors-i-festa-a-girona-i-la-costa-brava\/\" \/>\n<meta property=\"og:locale\" content=\"ca_ES\" \/>\n<meta property=\"og:type\" content=\"article\" \/>\n<meta property=\"og:title\" content=\"Primavera, temps de flors i festa a Girona i la Costa Brava 2026\" \/>\n<meta property=\"og:description\" content=\"Descobreix el Temps de Flors de Girona 2026 i combina&#039;l amb una escapada familiar als millors c\u00e0mpings de la Costa Brava.\" \/>\n<meta property=\"og:url\" content=\"https:\/\/campingscat.com\/blog\/ca\/primavera-temps-de-flors-i-festa-a-girona-i-la-costa-brava\/\" \/>\n<meta property=\"og:site_name\" content=\"Blog Campingscat\" \/>\n<meta property=\"article:publisher\" content=\"https:\/\/www.facebook.com\/campingscat.campingsdecatalunya\/\" \/>\n<meta property=\"article:published_time\" content=\"2026-04-27T10:00:17+00:00\" \/>\n<meta property=\"article:modified_time\" content=\"2026-04-27T10:59:14+00:00\" \/>\n<meta property=\"og:image\" content=\"https:\/\/campingscat.com\/blog\/wp-content\/uploads\/2022\/04\/Girona.-Nuria-Fosas.-Arxiu-Imatges-PTCBG-bb.jpeg\" \/>\n\t<meta property=\"og:image:width\" content=\"1600\" \/>\n\t<meta property=\"og:image:height\" content=\"1066\" \/>\n\t<meta property=\"og:image:type\" content=\"image\/jpeg\" \/>\n<meta name=\"author\" content=\"Georgina Matamoros\" \/>\n<meta name=\"twitter:card\" content=\"summary_large_image\" \/>\n<meta name=\"twitter:creator\" content=\"@campingscat\" \/>\n<meta name=\"twitter:site\" content=\"@campingscat\" \/>\n<meta name=\"twitter:label1\" content=\"Escrit per\" \/>\n\t<meta name=\"twitter:data1\" content=\"Georgina Matamoros\" \/>\n\t<meta name=\"twitter:label2\" content=\"Temps estimat de lectura\" \/>\n\t<meta name=\"twitter:data2\" content=\"4 minuts\" \/>\n<script type=\"application\/ld+json\" class=\"yoast-schema-graph\">{\"@context\":\"https:\\\/\\\/schema.org\",\"@graph\":[{\"@type\":\"Article\",\"@id\":\"https:\\\/\\\/campingscat.com\\\/blog\\\/ca\\\/primavera-temps-de-flors-i-festa-a-girona-i-la-costa-brava\\\/#article\",\"isPartOf\":{\"@id\":\"https:\\\/\\\/campingscat.com\\\/blog\\\/ca\\\/primavera-temps-de-flors-i-festa-a-girona-i-la-costa-brava\\\/\"},\"author\":{\"name\":\"Georgina Matamoros\",\"@id\":\"https:\\\/\\\/campingscat.com\\\/blog\\\/ca\\\/#\\\/schema\\\/person\\\/2a30e1d55b1a214b4fd8adfab71a65a0\"},\"headline\":\"Primavera, temps de flors i festa a Girona i la Costa Brava 2026\",\"datePublished\":\"2026-04-27T10:00:17+00:00\",\"dateModified\":\"2026-04-27T10:59:14+00:00\",\"mainEntityOfPage\":{\"@id\":\"https:\\\/\\\/campingscat.com\\\/blog\\\/ca\\\/primavera-temps-de-flors-i-festa-a-girona-i-la-costa-brava\\\/\"},\"wordCount\":840,\"publisher\":{\"@id\":\"https:\\\/\\\/campingscat.com\\\/blog\\\/ca\\\/#organization\"},\"image\":{\"@id\":\"https:\\\/\\\/campingscat.com\\\/blog\\\/ca\\\/primavera-temps-de-flors-i-festa-a-girona-i-la-costa-brava\\\/#primaryimage\"},\"thumbnailUrl\":\"https:\\\/\\\/campingscat.com\\\/blog\\\/wp-content\\\/uploads\\\/2022\\\/04\\\/Girona.-Nuria-Fosas.-Arxiu-Imatges-PTCBG-bb.jpeg\",\"articleSection\":[\"Inspiraci\u00f3\",\"Qu\u00e8 fer\"],\"inLanguage\":\"ca\"},{\"@type\":\"WebPage\",\"@id\":\"https:\\\/\\\/campingscat.com\\\/blog\\\/ca\\\/primavera-temps-de-flors-i-festa-a-girona-i-la-costa-brava\\\/\",\"url\":\"https:\\\/\\\/campingscat.com\\\/blog\\\/ca\\\/primavera-temps-de-flors-i-festa-a-girona-i-la-costa-brava\\\/\",\"name\":\"Primavera, temps de flors i festa a Girona i la Costa Brava 2026\",\"isPartOf\":{\"@id\":\"https:\\\/\\\/campingscat.com\\\/blog\\\/ca\\\/#website\"},\"primaryImageOfPage\":{\"@id\":\"https:\\\/\\\/campingscat.com\\\/blog\\\/ca\\\/primavera-temps-de-flors-i-festa-a-girona-i-la-costa-brava\\\/#primaryimage\"},\"image\":{\"@id\":\"https:\\\/\\\/campingscat.com\\\/blog\\\/ca\\\/primavera-temps-de-flors-i-festa-a-girona-i-la-costa-brava\\\/#primaryimage\"},\"thumbnailUrl\":\"https:\\\/\\\/campingscat.com\\\/blog\\\/wp-content\\\/uploads\\\/2022\\\/04\\\/Girona.-Nuria-Fosas.-Arxiu-Imatges-PTCBG-bb.jpeg\",\"datePublished\":\"2026-04-27T10:00:17+00:00\",\"dateModified\":\"2026-04-27T10:59:14+00:00\",\"description\":\"Descobreix el Temps de Flors de Girona 2026 i combina'l amb una escapada familiar als millors c\u00e0mpings de la Costa Brava.\",\"breadcrumb\":{\"@id\":\"https:\\\/\\\/campingscat.com\\\/blog\\\/ca\\\/primavera-temps-de-flors-i-festa-a-girona-i-la-costa-brava\\\/#breadcrumb\"},\"inLanguage\":\"ca\",\"potentialAction\":[{\"@type\":\"ReadAction\",\"target\":[\"https:\\\/\\\/campingscat.com\\\/blog\\\/ca\\\/primavera-temps-de-flors-i-festa-a-girona-i-la-costa-brava\\\/\"]}]},{\"@type\":\"ImageObject\",\"inLanguage\":\"ca\",\"@id\":\"https:\\\/\\\/campingscat.com\\\/blog\\\/ca\\\/primavera-temps-de-flors-i-festa-a-girona-i-la-costa-brava\\\/#primaryimage\",\"url\":\"https:\\\/\\\/campingscat.com\\\/blog\\\/wp-content\\\/uploads\\\/2022\\\/04\\\/Girona.-Nuria-Fosas.-Arxiu-Imatges-PTCBG-bb.jpeg\",\"contentUrl\":\"https:\\\/\\\/campingscat.com\\\/blog\\\/wp-content\\\/uploads\\\/2022\\\/04\\\/Girona.-Nuria-Fosas.-Arxiu-Imatges-PTCBG-bb.jpeg\",\"width\":1600,\"height\":1066,\"caption\":\"N\u00faria Fosas. Arxiu Imatges PTCBG\"},{\"@type\":\"BreadcrumbList\",\"@id\":\"https:\\\/\\\/campingscat.com\\\/blog\\\/ca\\\/primavera-temps-de-flors-i-festa-a-girona-i-la-costa-brava\\\/#breadcrumb\",\"itemListElement\":[{\"@type\":\"ListItem\",\"position\":1,\"name\":\"Inici\",\"item\":\"https:\\\/\\\/campingscat.com\\\/blog\\\/ca\\\/\"},{\"@type\":\"ListItem\",\"position\":2,\"name\":\"Primavera, temps de flors i festa a Girona i la Costa Brava 2026\"}]},{\"@type\":\"WebSite\",\"@id\":\"https:\\\/\\\/campingscat.com\\\/blog\\\/ca\\\/#website\",\"url\":\"https:\\\/\\\/campingscat.com\\\/blog\\\/ca\\\/\",\"name\":\"Blog Campingscat\",\"description\":\"Campings de Catalunya\",\"publisher\":{\"@id\":\"https:\\\/\\\/campingscat.com\\\/blog\\\/ca\\\/#organization\"},\"potentialAction\":[{\"@type\":\"SearchAction\",\"target\":{\"@type\":\"EntryPoint\",\"urlTemplate\":\"https:\\\/\\\/campingscat.com\\\/blog\\\/ca\\\/?s={search_term_string}\"},\"query-input\":{\"@type\":\"PropertyValueSpecification\",\"valueRequired\":true,\"valueName\":\"search_term_string\"}}],\"inLanguage\":\"ca\"},{\"@type\":\"Organization\",\"@id\":\"https:\\\/\\\/campingscat.com\\\/blog\\\/ca\\\/#organization\",\"name\":\"Blog Campings CAT\",\"url\":\"https:\\\/\\\/campingscat.com\\\/blog\\\/ca\\\/\",\"logo\":{\"@type\":\"ImageObject\",\"inLanguage\":\"ca\",\"@id\":\"https:\\\/\\\/campingscat.com\\\/blog\\\/ca\\\/#\\\/schema\\\/logo\\\/image\\\/\",\"url\":\"https:\\\/\\\/campingscat.com\\\/blog\\\/wp-content\\\/uploads\\\/2020\\\/09\\\/logo-blog.png\",\"contentUrl\":\"https:\\\/\\\/campingscat.com\\\/blog\\\/wp-content\\\/uploads\\\/2020\\\/09\\\/logo-blog.png\",\"width\":272,\"height\":90,\"caption\":\"Blog Campings CAT\"},\"image\":{\"@id\":\"https:\\\/\\\/campingscat.com\\\/blog\\\/ca\\\/#\\\/schema\\\/logo\\\/image\\\/\"},\"sameAs\":[\"https:\\\/\\\/www.facebook.com\\\/campingscat.campingsdecatalunya\\\/\",\"https:\\\/\\\/x.com\\\/campingscat\",\"https:\\\/\\\/www.instagram.com\\\/campingscat\\\/\"]},{\"@type\":\"Person\",\"@id\":\"https:\\\/\\\/campingscat.com\\\/blog\\\/ca\\\/#\\\/schema\\\/person\\\/2a30e1d55b1a214b4fd8adfab71a65a0\",\"name\":\"Georgina Matamoros\"}]}<\/script>\n<!-- \/ Yoast SEO plugin. -->","yoast_head_json":{"title":"Primavera, temps de flors i festa a Girona i la Costa Brava 2026","description":"Descobreix el Temps de Flors de Girona 2026 i combina'l amb una escapada familiar als millors c\u00e0mpings de la Costa Brava.","robots":{"index":"index","follow":"follow","max-snippet":"max-snippet:-1","max-image-preview":"max-image-preview:large","max-video-preview":"max-video-preview:-1"},"canonical":"https:\/\/campingscat.com\/blog\/ca\/primavera-temps-de-flors-i-festa-a-girona-i-la-costa-brava\/","og_locale":"ca_ES","og_type":"article","og_title":"Primavera, temps de flors i festa a Girona i la Costa Brava 2026","og_description":"Descobreix el Temps de Flors de Girona 2026 i combina'l amb una escapada familiar als millors c\u00e0mpings de la Costa Brava.","og_url":"https:\/\/campingscat.com\/blog\/ca\/primavera-temps-de-flors-i-festa-a-girona-i-la-costa-brava\/","og_site_name":"Blog Campingscat","article_publisher":"https:\/\/www.facebook.com\/campingscat.campingsdecatalunya\/","article_published_time":"2026-04-27T10:00:17+00:00","article_modified_time":"2026-04-27T10:59:14+00:00","og_image":[{"width":1600,"height":1066,"url":"https:\/\/campingscat.com\/blog\/wp-content\/uploads\/2022\/04\/Girona.-Nuria-Fosas.-Arxiu-Imatges-PTCBG-bb.jpeg","type":"image\/jpeg"}],"author":"Georgina Matamoros","twitter_card":"summary_large_image","twitter_creator":"@campingscat","twitter_site":"@campingscat","twitter_misc":{"Escrit per":"Georgina Matamoros","Temps estimat de lectura":"4 minuts"},"schema":{"@context":"https:\/\/schema.org","@graph":[{"@type":"Article","@id":"https:\/\/campingscat.com\/blog\/ca\/primavera-temps-de-flors-i-festa-a-girona-i-la-costa-brava\/#article","isPartOf":{"@id":"https:\/\/campingscat.com\/blog\/ca\/primavera-temps-de-flors-i-festa-a-girona-i-la-costa-brava\/"},"author":{"name":"Georgina Matamoros","@id":"https:\/\/campingscat.com\/blog\/ca\/#\/schema\/person\/2a30e1d55b1a214b4fd8adfab71a65a0"},"headline":"Primavera, temps de flors i festa a Girona i la Costa Brava 2026","datePublished":"2026-04-27T10:00:17+00:00","dateModified":"2026-04-27T10:59:14+00:00","mainEntityOfPage":{"@id":"https:\/\/campingscat.com\/blog\/ca\/primavera-temps-de-flors-i-festa-a-girona-i-la-costa-brava\/"},"wordCount":840,"publisher":{"@id":"https:\/\/campingscat.com\/blog\/ca\/#organization"},"image":{"@id":"https:\/\/campingscat.com\/blog\/ca\/primavera-temps-de-flors-i-festa-a-girona-i-la-costa-brava\/#primaryimage"},"thumbnailUrl":"https:\/\/campingscat.com\/blog\/wp-content\/uploads\/2022\/04\/Girona.-Nuria-Fosas.-Arxiu-Imatges-PTCBG-bb.jpeg","articleSection":["Inspiraci\u00f3","Qu\u00e8 fer"],"inLanguage":"ca"},{"@type":"WebPage","@id":"https:\/\/campingscat.com\/blog\/ca\/primavera-temps-de-flors-i-festa-a-girona-i-la-costa-brava\/","url":"https:\/\/campingscat.com\/blog\/ca\/primavera-temps-de-flors-i-festa-a-girona-i-la-costa-brava\/","name":"Primavera, temps de flors i festa a Girona i la Costa Brava 2026","isPartOf":{"@id":"https:\/\/campingscat.com\/blog\/ca\/#website"},"primaryImageOfPage":{"@id":"https:\/\/campingscat.com\/blog\/ca\/primavera-temps-de-flors-i-festa-a-girona-i-la-costa-brava\/#primaryimage"},"image":{"@id":"https:\/\/campingscat.com\/blog\/ca\/primavera-temps-de-flors-i-festa-a-girona-i-la-costa-brava\/#primaryimage"},"thumbnailUrl":"https:\/\/campingscat.com\/blog\/wp-content\/uploads\/2022\/04\/Girona.-Nuria-Fosas.-Arxiu-Imatges-PTCBG-bb.jpeg","datePublished":"2026-04-27T10:00:17+00:00","dateModified":"2026-04-27T10:59:14+00:00","description":"Descobreix el Temps de Flors de Girona 2026 i combina'l amb una escapada familiar als millors c\u00e0mpings de la Costa Brava.","breadcrumb":{"@id":"https:\/\/campingscat.com\/blog\/ca\/primavera-temps-de-flors-i-festa-a-girona-i-la-costa-brava\/#breadcrumb"},"inLanguage":"ca","potentialAction":[{"@type":"ReadAction","target":["https:\/\/campingscat.com\/blog\/ca\/primavera-temps-de-flors-i-festa-a-girona-i-la-costa-brava\/"]}]},{"@type":"ImageObject","inLanguage":"ca","@id":"https:\/\/campingscat.com\/blog\/ca\/primavera-temps-de-flors-i-festa-a-girona-i-la-costa-brava\/#primaryimage","url":"https:\/\/campingscat.com\/blog\/wp-content\/uploads\/2022\/04\/Girona.-Nuria-Fosas.-Arxiu-Imatges-PTCBG-bb.jpeg","contentUrl":"https:\/\/campingscat.com\/blog\/wp-content\/uploads\/2022\/04\/Girona.-Nuria-Fosas.-Arxiu-Imatges-PTCBG-bb.jpeg","width":1600,"height":1066,"caption":"N\u00faria Fosas. Arxiu Imatges PTCBG"},{"@type":"BreadcrumbList","@id":"https:\/\/campingscat.com\/blog\/ca\/primavera-temps-de-flors-i-festa-a-girona-i-la-costa-brava\/#breadcrumb","itemListElement":[{"@type":"ListItem","position":1,"name":"Inici","item":"https:\/\/campingscat.com\/blog\/ca\/"},{"@type":"ListItem","position":2,"name":"Primavera, temps de flors i festa a Girona i la Costa Brava 2026"}]},{"@type":"WebSite","@id":"https:\/\/campingscat.com\/blog\/ca\/#website","url":"https:\/\/campingscat.com\/blog\/ca\/","name":"Blog Campingscat","description":"Campings de Catalunya","publisher":{"@id":"https:\/\/campingscat.com\/blog\/ca\/#organization"},"potentialAction":[{"@type":"SearchAction","target":{"@type":"EntryPoint","urlTemplate":"https:\/\/campingscat.com\/blog\/ca\/?s={search_term_string}"},"query-input":{"@type":"PropertyValueSpecification","valueRequired":true,"valueName":"search_term_string"}}],"inLanguage":"ca"},{"@type":"Organization","@id":"https:\/\/campingscat.com\/blog\/ca\/#organization","name":"Blog Campings CAT","url":"https:\/\/campingscat.com\/blog\/ca\/","logo":{"@type":"ImageObject","inLanguage":"ca","@id":"https:\/\/campingscat.com\/blog\/ca\/#\/schema\/logo\/image\/","url":"https:\/\/campingscat.com\/blog\/wp-content\/uploads\/2020\/09\/logo-blog.png","contentUrl":"https:\/\/campingscat.com\/blog\/wp-content\/uploads\/2020\/09\/logo-blog.png","width":272,"height":90,"caption":"Blog Campings CAT"},"image":{"@id":"https:\/\/campingscat.com\/blog\/ca\/#\/schema\/logo\/image\/"},"sameAs":["https:\/\/www.facebook.com\/campingscat.campingsdecatalunya\/","https:\/\/x.com\/campingscat","https:\/\/www.instagram.com\/campingscat\/"]},{"@type":"Person","@id":"https:\/\/campingscat.com\/blog\/ca\/#\/schema\/person\/2a30e1d55b1a214b4fd8adfab71a65a0","name":"Georgina Matamoros"}]}},"_links":{"self":[{"href":"https:\/\/campingscat.com\/blog\/ca\/wp-json\/wp\/v2\/posts\/7496","targetHints":{"allow":["GET"]}}],"collection":[{"href":"https:\/\/campingscat.com\/blog\/ca\/wp-json\/wp\/v2\/posts"}],"about":[{"href":"https:\/\/campingscat.com\/blog\/ca\/wp-json\/wp\/v2\/types\/post"}],"author":[{"embeddable":true,"href":"https:\/\/campingscat.com\/blog\/ca\/wp-json\/wp\/v2\/users\/15"}],"replies":[{"embeddable":true,"href":"https:\/\/campingscat.com\/blog\/ca\/wp-json\/wp\/v2\/comments?post=7496"}],"version-history":[{"count":9,"href":"https:\/\/campingscat.com\/blog\/ca\/wp-json\/wp\/v2\/posts\/7496\/revisions"}],"predecessor-version":[{"id":16329,"href":"https:\/\/campingscat.com\/blog\/ca\/wp-json\/wp\/v2\/posts\/7496\/revisions\/16329"}],"wp:featuredmedia":[{"embeddable":true,"href":"https:\/\/campingscat.com\/blog\/ca\/wp-json\/wp\/v2\/media\/7500"}],"wp:attachment":[{"href":"https:\/\/campingscat.com\/blog\/ca\/wp-json\/wp\/v2\/media?parent=7496"}],"wp:term":[{"taxonomy":"category","embeddable":true,"href":"https:\/\/campingscat.com\/blog\/ca\/wp-json\/wp\/v2\/categories?post=7496"},{"taxonomy":"post_tag","embeddable":true,"href":"https:\/\/campingscat.com\/blog\/ca\/wp-json\/wp\/v2\/tags?post=7496"}],"curies":[{"name":"wp","href":"https:\/\/api.w.org\/{rel}","templated":true}]}}